{"id":101,"date":"2025-12-01T15:29:35","date_gmt":"2025-12-01T14:29:35","guid":{"rendered":"https:\/\/www.buerger-fuer-kaltenweide.de\/adventszauber\/2025\/12\/01\/adventszauber-auf-dem-kaltenweider-platz-ein-stimmungsvoller-start-in-die-adventszeit\/"},"modified":"2025-12-01T15:29:35","modified_gmt":"2025-12-01T14:29:35","slug":"adventszauber-auf-dem-kaltenweider-platz-ein-stimmungsvoller-start-in-die-adventszeit","status":"publish","type":"post","link":"https:\/\/www.buerger-fuer-kaltenweide.de\/adventszauber\/2025\/12\/01\/adventszauber-auf-dem-kaltenweider-platz-ein-stimmungsvoller-start-in-die-adventszeit\/","title":{"rendered":"Adventszauber auf dem Kaltenweider Platz \u2013 Ein stimmungsvoller Start in die Adventszeit"},"content":{"rendered":"\n<p>Der Adventszauber auf dem Kaltenweider Platz ist in seine zweite Runde gegangen \u2013 und die Veranstaltung h\u00e4tte kaum sch\u00f6ner verlaufen k\u00f6nnen.&nbsp;<strong>Das Wetter spielte perfekt mit<\/strong>, sodass sich der Platz von Beginn an mit gut gelaunten Besucherinnen und Besuchern f\u00fcllte. Schon kurz nach dem feierlichen Anleuchten des festlich geschm\u00fcckten Weihnachtsbaumes war klar: Auch in diesem Jahr handelt es sich um eine&nbsp;<strong>\u00e4u\u00dferst gut besuchte Veranstaltung<\/strong>, die die Gemeinschaft in Kaltenweide einmal mehr eindrucksvoll zusammenf\u00fchrte.<\/p>\n\n\n\n<!--more-->\n\n\n<div class=\"wp-block-image\">\n<figure class=\"alignright size-full is-resized\"><img loading=\"lazy\" decoding=\"async\" width=\"1714\" height=\"1285\" src=\"https:\/\/www.buerger-fuer-kaltenweide.de\/adventszauber\/wp-content\/uploads\/sites\/14\/2025\/12\/2025_12_-_adventszauber00006.jpeg\" alt=\"(c) 2025 - B\u00fcrger f\u00fcr Kaltenweide e.V. \/ Florian Windeck\" class=\"wp-image-102\" style=\"width:350px\" srcset=\"https:\/\/www.buerger-fuer-kaltenweide.de\/adventszauber\/wp-content\/uploads\/sites\/14\/2025\/12\/2025_12_-_adventszauber00006.jpeg 1714w, https:\/\/www.buerger-fuer-kaltenweide.de\/adventszauber\/wp-content\/uploads\/sites\/14\/2025\/12\/2025_12_-_adventszauber00006-300x225.jpeg 300w, https:\/\/www.buerger-fuer-kaltenweide.de\/adventszauber\/wp-content\/uploads\/sites\/14\/2025\/12\/2025_12_-_adventszauber00006-1024x768.jpeg 1024w, https:\/\/www.buerger-fuer-kaltenweide.de\/adventszauber\/wp-content\/uploads\/sites\/14\/2025\/12\/2025_12_-_adventszauber00006-768x576.jpeg 768w, https:\/\/www.buerger-fuer-kaltenweide.de\/adventszauber\/wp-content\/uploads\/sites\/14\/2025\/12\/2025_12_-_adventszauber00006-1536x1152.jpeg 1536w, https:\/\/www.buerger-fuer-kaltenweide.de\/adventszauber\/wp-content\/uploads\/sites\/14\/2025\/12\/2025_12_-_adventszauber00006-320x240.jpeg 320w, https:\/\/www.buerger-fuer-kaltenweide.de\/adventszauber\/wp-content\/uploads\/sites\/14\/2025\/12\/2025_12_-_adventszauber00006-600x450.jpeg 600w, https:\/\/www.buerger-fuer-kaltenweide.de\/adventszauber\/wp-content\/uploads\/sites\/14\/2025\/12\/2025_12_-_adventszauber00006-1320x990.jpeg 1320w\" sizes=\"auto, (max-width: 1714px) 100vw, 1714px\" \/><figcaption class=\"wp-element-caption\">Baum &#038; Publikum<\/figcaption><\/figure>\n<\/div>\n\n\n<p>\u00dcberall waren&nbsp;<strong>fr\u00f6hliche Gesichter<\/strong>&nbsp;zu sehen, w\u00e4hrend der Duft von Gl\u00fchwein, Punsch, Waffeln und Bratw\u00fcrsten durch die klare Abendluft zog. Die mitwirkenden Vereine hatten sich \u2013&nbsp;<strong>aufgrund der Erfahrungen aus dem vergangenen Jahr<\/strong>&nbsp;\u2013 diesmal besonders gut vorbereitet. Mit einer deutlich gr\u00f6\u00dferen Menge an Speisen und Getr\u00e4nken konnten sie den Ansturm bestens bew\u00e4ltigen. Und das war auch n\u00f6tig:&nbsp;<strong>Fast 100 Liter Gl\u00fchwein<\/strong>&nbsp;fanden dankbare Abnehmerinnen und Abnehmer, und&nbsp;<strong>nahezu 400 Bratw\u00fcrste<\/strong>&nbsp;wanderten \u00fcber den Grill und sorgten f\u00fcr zufriedene G\u00e4ste.<\/p>\n\n\n\n<p>Ein weiterer H\u00f6hepunkt des Nachmittags waren die&nbsp;<strong>musikalischen Beitr\u00e4ge<\/strong>, die dem Adventszauber seinen ganz besonderen Klang verliehen. Sch\u00fclerinnen und Sch\u00fcler der&nbsp;<strong>Grundschule Kaltenweide<\/strong>, der&nbsp;<strong>Kinder- und Erwachsenenchor des BfK<\/strong>, der&nbsp;<strong>Posaunenchor der Ev.-luth. Matthias-Claudius-Kirchengemeinde Kr\u00e4henwinkel-Kaltenweide<\/strong>&nbsp;sowie das&nbsp;<strong>Young Spirit Orchestra (YSO)<\/strong>&nbsp;begeisterten mit einem abwechslungsreichen Programm, das von traditionellen Weihnachtsliedern bis zu schwungvollen modernen St\u00fccken reichte. Ihre Auftritte sorgten f\u00fcr eine besonders herzliche Stimmung und zahlreiche bewegende Momente.<\/p>\n\n\n\n<p>Wie schon im vergangenen Jahr standen auch diesmal die&nbsp;<strong>Bewohnerinnen und Bewohner des Alten- &amp; Pflegeheims Margeritenhof<\/strong>&nbsp;im Mittelpunkt. Sie konnten die festliche Atmosph\u00e4re direkt vor ihrer Haust\u00fcr erleben \u2013 eine Geste, die einmal mehr viel Freude und Dankbarkeit ausl\u00f6ste.<\/p>\n\n\n\n<p>Der Weihnachtsbaum, erneut aus Kaltenweide stammend, setzte ein leuchtendes Zeichen f\u00fcr&nbsp;<strong>Zusammenhalt und Gemeinschaftssinn<\/strong>. M\u00f6glich wurde dieses stimmungsvolle Ereignis erneut durch das beeindruckende Engagement zahlreicher Kaltenweider Vereine, Einrichtungen und Institutionen, die gemeinsam daf\u00fcr sorgten, dass der Adventszauber seinem Namen alle Ehre machte.<\/p>\n\n\n\n<p><strong>Fazit:<\/strong><br>Der Adventszauber 2025 war ein voller Erfolg \u2013 ein Nachmittag voller Licht, Begegnungen, Musik und weihnachtlicher Vorfreude. Die Vorfreude auf eine m\u00f6gliche Fortsetzung im n\u00e4chsten Jahr ist bereits jetzt sp\u00fcrbar.<\/p>\n\n\n\n<figure class=\"wp-block-gallery has-nested-images columns-default is-cropped wp-block-gallery-1 is-layout-flex wp-block-gallery-is-layout-flex\">\n<figure class=\"wp-block-image size-large\"><img decoding=\"async\" data-id=\"13080\" src=\"https:\/\/www.buerger-fuer-kaltenweide.de\/wp-content\/uploads\/2025\/12\/2025_12_-_adventszauber00001.jpeg\" alt=\"(c) 2025 - B\u00fcrger f\u00fcr Kaltenweide e.V. \/ Florian Windeck\" class=\"wp-image-13080\"\/><figcaption class=\"wp-element-caption\">Adventzauber Kaltenweide am 28. November 2025<\/figcaption><\/figure>\n\n\n\n<figure class=\"wp-block-image size-large\"><img decoding=\"async\" data-id=\"13099\" src=\"https:\/\/www.buerger-fuer-kaltenweide.de\/wp-content\/uploads\/2025\/12\/2025_12_-_adventszauber00020.jpeg\" alt=\"(c) 2025 - B\u00fcrger f\u00fcr Kaltenweide e.V. \/ Florian Windeck\" class=\"wp-image-13099\"\/><figcaption class=\"wp-element-caption\">Auftritt der Sch\u00fclerinnen &amp; Sch\u00fcler der Grundschule Kaltenweide<\/figcaption><\/figure>\n\n\n\n<figure class=\"wp-block-image size-large\"><img decoding=\"async\" data-id=\"13098\" src=\"https:\/\/www.buerger-fuer-kaltenweide.de\/wp-content\/uploads\/2025\/12\/2025_12_-_adventszauber00019.jpeg\" alt=\"(c) 2025 - B\u00fcrger f\u00fcr Kaltenweide e.V. \/ Florian Windeck\" class=\"wp-image-13098\"\/><figcaption class=\"wp-element-caption\">Gestaltete Acrylkugel am Baum<\/figcaption><\/figure>\n\n\n\n<figure class=\"wp-block-image size-large\"><img decoding=\"async\" data-id=\"13097\" src=\"https:\/\/www.buerger-fuer-kaltenweide.de\/wp-content\/uploads\/2025\/12\/2025_12_-_adventszauber00018.jpeg\" alt=\"(c) 2025 - B\u00fcrger f\u00fcr Kaltenweide e.V. \/ Florian Windeck\" class=\"wp-image-13097\"\/><figcaption class=\"wp-element-caption\">Gro\u00dfer Andrang beim Adventszauber Kaltenweide<\/figcaption><\/figure>\n\n\n\n<figure class=\"wp-block-image size-large\"><img decoding=\"async\" data-id=\"13096\" src=\"https:\/\/www.buerger-fuer-kaltenweide.de\/wp-content\/uploads\/2025\/12\/2025_12_-_adventszauber00017.jpeg\" alt=\"(c) 2025 - B\u00fcrger f\u00fcr Kaltenweide e.V. \/ Florian Windeck\" class=\"wp-image-13096\"\/><figcaption class=\"wp-element-caption\">Auftritt der Sch\u00fclerinnen &amp; Sch\u00fcler der Grundschule Kaltenweide<\/figcaption><\/figure>\n\n\n\n<figure class=\"wp-block-image size-large\"><img decoding=\"async\" data-id=\"13095\" src=\"https:\/\/www.buerger-fuer-kaltenweide.de\/wp-content\/uploads\/2025\/12\/2025_12_-_adventszauber00016.jpeg\" alt=\"(c) 2025 - B\u00fcrger f\u00fcr Kaltenweide e.V. \/ Florian Windeck\" class=\"wp-image-13095\"\/><figcaption class=\"wp-element-caption\">Gestaltete Acrylkugel am Baum<\/figcaption><\/figure>\n\n\n\n<figure class=\"wp-block-image size-large\"><img decoding=\"async\" data-id=\"13094\" src=\"https:\/\/www.buerger-fuer-kaltenweide.de\/wp-content\/uploads\/2025\/12\/2025_12_-_adventszauber00015.jpeg\" alt=\"(c) 2025 - B\u00fcrger f\u00fcr Kaltenweide e.V. \/ Florian Windeck\" class=\"wp-image-13094\"\/><figcaption class=\"wp-element-caption\">Kinder- &amp; Erwachsenenchor vom BfK<\/figcaption><\/figure>\n\n\n\n<figure class=\"wp-block-image size-large\"><img decoding=\"async\" data-id=\"13088\" src=\"https:\/\/www.buerger-fuer-kaltenweide.de\/wp-content\/uploads\/2025\/12\/2025_12_-_adventszauber00009.jpeg\" alt=\"(c) 2025 - B\u00fcrger f\u00fcr Kaltenweide e.V. \/ Florian Windeck\" class=\"wp-image-13088\"\/><figcaption class=\"wp-element-caption\">Popcorn vom Margeritenhof<\/figcaption><\/figure>\n\n\n\n<figure class=\"wp-block-image size-large\"><img decoding=\"async\" data-id=\"13089\" src=\"https:\/\/www.buerger-fuer-kaltenweide.de\/wp-content\/uploads\/2025\/12\/2025_12_-_adventszauber00010.jpeg\" alt=\"(c) 2025 - B\u00fcrger f\u00fcr Kaltenweide e.V. \/ Florian Windeck\" class=\"wp-image-13089\"\/><figcaption class=\"wp-element-caption\">Grillstand vom F\u00f6rderverein der Grundschule Kaltenweide e.V.<\/figcaption><\/figure>\n\n\n\n<figure class=\"wp-block-image size-large\"><img decoding=\"async\" data-id=\"13090\" src=\"https:\/\/www.buerger-fuer-kaltenweide.de\/wp-content\/uploads\/2025\/12\/2025_12_-_adventszauber00011.jpeg\" alt=\"(c) 2025 - B\u00fcrger f\u00fcr Kaltenweide e.V. \/ Florian Windeck\" class=\"wp-image-13090\"\/><figcaption class=\"wp-element-caption\">Auftritt des Posaunenchor der Ev. luth. Matthias-Claudius-Kirchengemeinde Kr\u00e4henwinkel-Kaltenweide<\/figcaption><\/figure>\n\n\n\n<figure class=\"wp-block-image size-large\"><img decoding=\"async\" data-id=\"13091\" src=\"https:\/\/www.buerger-fuer-kaltenweide.de\/wp-content\/uploads\/2025\/12\/2025_12_-_adventszauber00012.jpeg\" alt=\"(c) 2025 - B\u00fcrger f\u00fcr Kaltenweide e.V. \/ Florian Windeck\" class=\"wp-image-13091\"\/><figcaption class=\"wp-element-caption\">Waffeln vom Kinderhaus Kaltenweide<\/figcaption><\/figure>\n\n\n\n<figure class=\"wp-block-image size-large\"><img decoding=\"async\" data-id=\"13092\" src=\"https:\/\/www.buerger-fuer-kaltenweide.de\/wp-content\/uploads\/2025\/12\/2025_12_-_adventszauber00013.jpeg\" alt=\"(c) 2025 - B\u00fcrger f\u00fcr Kaltenweide e.V. \/ Florian Windeck\" class=\"wp-image-13092\"\/><figcaption class=\"wp-element-caption\">Gl\u00fchwein &amp; Kinderpunsch von der Freiwilligen Feuerwehr Kaltenweide<\/figcaption><\/figure>\n\n\n\n<figure class=\"wp-block-image size-large\"><img decoding=\"async\" data-id=\"13093\" src=\"https:\/\/www.buerger-fuer-kaltenweide.de\/wp-content\/uploads\/2025\/12\/2025_12_-_adventszauber00014.jpeg\" alt=\"(c) 2025 - B\u00fcrger f\u00fcr Kaltenweide e.V. \/ Florian Windeck\" class=\"wp-image-13093\"\/><figcaption class=\"wp-element-caption\">Kartoffelpuffer vom DRK &#8211; Ortsverein Kr\u00e4henwinkel\/Kaltenweide<\/figcaption><\/figure>\n\n\n\n<figure class=\"wp-block-image size-large\"><img decoding=\"async\" data-id=\"13087\" src=\"https:\/\/www.buerger-fuer-kaltenweide.de\/wp-content\/uploads\/2025\/12\/2025_12_-_adventszauber00008.jpeg\" alt=\"(c) 2025 - B\u00fcrger f\u00fcr Kaltenweide e.V. \/ Florian Windeck\" class=\"wp-image-13087\"\/><figcaption class=\"wp-element-caption\">Der BfK-Stand &#8211; Ausgabe der Mehrwegbecher &amp; Donuts<\/figcaption><\/figure>\n\n\n\n<figure class=\"wp-block-image size-large\"><img decoding=\"async\" data-id=\"13086\" src=\"https:\/\/www.buerger-fuer-kaltenweide.de\/wp-content\/uploads\/2025\/12\/2025_12_-_adventszauber00007.jpeg\" alt=\"(c) 2025 - B\u00fcrger f\u00fcr Kaltenweide e.V. \/ Florian Windeck\" class=\"wp-image-13086\"\/><figcaption class=\"wp-element-caption\">Glitzertattoos von der DRK Kita &#8222;Weiherfeld&#8220;<\/figcaption><\/figure>\n\n\n\n<figure class=\"wp-block-image size-large\"><img loading=\"lazy\" decoding=\"async\" width=\"1714\" height=\"1285\" data-id=\"102\" src=\"https:\/\/www.buerger-fuer-kaltenweide.de\/adventszauber\/wp-content\/uploads\/sites\/14\/2025\/12\/2025_12_-_adventszauber00006.jpeg\" alt=\"(c) 2025 - B\u00fcrger f\u00fcr Kaltenweide e.V. \/ Florian Windeck\" class=\"wp-image-102\" srcset=\"https:\/\/www.buerger-fuer-kaltenweide.de\/adventszauber\/wp-content\/uploads\/sites\/14\/2025\/12\/2025_12_-_adventszauber00006.jpeg 1714w, https:\/\/www.buerger-fuer-kaltenweide.de\/adventszauber\/wp-content\/uploads\/sites\/14\/2025\/12\/2025_12_-_adventszauber00006-300x225.jpeg 300w, https:\/\/www.buerger-fuer-kaltenweide.de\/adventszauber\/wp-content\/uploads\/sites\/14\/2025\/12\/2025_12_-_adventszauber00006-1024x768.jpeg 1024w, https:\/\/www.buerger-fuer-kaltenweide.de\/adventszauber\/wp-content\/uploads\/sites\/14\/2025\/12\/2025_12_-_adventszauber00006-768x576.jpeg 768w, https:\/\/www.buerger-fuer-kaltenweide.de\/adventszauber\/wp-content\/uploads\/sites\/14\/2025\/12\/2025_12_-_adventszauber00006-1536x1152.jpeg 1536w, https:\/\/www.buerger-fuer-kaltenweide.de\/adventszauber\/wp-content\/uploads\/sites\/14\/2025\/12\/2025_12_-_adventszauber00006-320x240.jpeg 320w, https:\/\/www.buerger-fuer-kaltenweide.de\/adventszauber\/wp-content\/uploads\/sites\/14\/2025\/12\/2025_12_-_adventszauber00006-600x450.jpeg 600w, https:\/\/www.buerger-fuer-kaltenweide.de\/adventszauber\/wp-content\/uploads\/sites\/14\/2025\/12\/2025_12_-_adventszauber00006-1320x990.jpeg 1320w\" sizes=\"auto, (max-width: 1714px) 100vw, 1714px\" \/><figcaption class=\"wp-element-caption\">Baum &amp; Publikum<\/figcaption><\/figure>\n\n\n\n<figure class=\"wp-block-image size-large\"><img decoding=\"async\" data-id=\"13084\" src=\"https:\/\/www.buerger-fuer-kaltenweide.de\/wp-content\/uploads\/2025\/12\/2025_12_-_adventszauber00005.jpeg\" alt=\"(c) 2025 - B\u00fcrger f\u00fcr Kaltenweide e.V. \/ Florian Windeck\" class=\"wp-image-13084\"\/><figcaption class=\"wp-element-caption\">Das Young Spirit Orchestra (YSO)<\/figcaption><\/figure>\n\n\n\n<figure class=\"wp-block-image size-large\"><img decoding=\"async\" data-id=\"13083\" src=\"https:\/\/www.buerger-fuer-kaltenweide.de\/wp-content\/uploads\/2025\/12\/2025_12_-_adventszauber00004.jpeg\" alt=\"(c) 2025 - B\u00fcrger f\u00fcr Kaltenweide e.V. \/ Florian Windeck\" class=\"wp-image-13083\"\/><figcaption class=\"wp-element-caption\">Das Young Spirit Orchestra (YSO)<\/figcaption><\/figure>\n\n\n\n<figure class=\"wp-block-image size-large\"><img decoding=\"async\" data-id=\"13082\" src=\"https:\/\/www.buerger-fuer-kaltenweide.de\/wp-content\/uploads\/2025\/12\/2025_12_-_adventszauber00003.jpeg\" alt=\"(c) 2025 - B\u00fcrger f\u00fcr Kaltenweide e.V. \/ Florian Windeck\" class=\"wp-image-13082\"\/><figcaption class=\"wp-element-caption\">Fotoshootings der Freiwilligen Feuerwehr Kaltenweode<\/figcaption><\/figure>\n\n\n\n<figure class=\"wp-block-image size-large\"><img decoding=\"async\" data-id=\"13081\" src=\"https:\/\/www.buerger-fuer-kaltenweide.de\/wp-content\/uploads\/2025\/12\/2025_12_-_adventszauber00002.jpeg\" alt=\"(c) 2025 - B\u00fcrger f\u00fcr Kaltenweide e.V. \/ Florian Windeck\" class=\"wp-image-13081\"\/><figcaption class=\"wp-element-caption\">Beleuchteter Baum auf dem Kaltenweider Platz am 28. November 2025<\/figcaption><\/figure>\n<\/figure>\n","protected":false},"excerpt":{"rendered":"<p>Der Adventszauber auf dem Kaltenweider Platz ist in seine zweite Runde gegangen \u2013 und die Veranstaltung h\u00e4tte kaum sch\u00f6ner verlaufen k\u00f6nnen.&nbsp;Das Wetter spielte perfekt mit, sodass sich der Platz von Beginn an mit gut gelaunten Besucherinnen und Besuchern f\u00fcllte. Schon<\/p>\n","protected":false},"author":1,"featured_media":102,"comment_status":"closed","ping_status":"open","sticky":false,"template":"","format":"standard","meta":{"footnotes":""},"categories":[39,17,18,20],"tags":[49,21,50,47,26,51],"class_list":["post-101","post","type-post","status-publish","format-standard","has-post-thumbnail","hentry","category-2025-adventszauber","category-adventszauber","category-aktuelles-aus-dem-bfk","category-veranstaltungen","tag-adventsbeleuchtung","tag-adventszauber","tag-gluehwein","tag-posaunenchor","tag-weihnachtsbaum","tag-young-spirit-orchestra"],"_links":{"self":[{"href":"https:\/\/www.buerger-fuer-kaltenweide.de\/adventszauber\/wp-json\/wp\/v2\/posts\/101","targetHints":{"allow":["GET"]}}],"collection":[{"href":"https:\/\/www.buerger-fuer-kaltenweide.de\/adventszauber\/wp-json\/wp\/v2\/posts"}],"about":[{"href":"https:\/\/www.buerger-fuer-kaltenweide.de\/adventszauber\/wp-json\/wp\/v2\/types\/post"}],"author":[{"embeddable":true,"href":"https:\/\/www.buerger-fuer-kaltenweide.de\/adventszauber\/wp-json\/wp\/v2\/users\/1"}],"replies":[{"embeddable":true,"href":"https:\/\/www.buerger-fuer-kaltenweide.de\/adventszauber\/wp-json\/wp\/v2\/comments?post=101"}],"version-history":[{"count":1,"href":"https:\/\/www.buerger-fuer-kaltenweide.de\/adventszauber\/wp-json\/wp\/v2\/posts\/101\/revisions"}],"predecessor-version":[{"id":103,"href":"https:\/\/www.buerger-fuer-kaltenweide.de\/adventszauber\/wp-json\/wp\/v2\/posts\/101\/revisions\/103"}],"wp:featuredmedia":[{"embeddable":true,"href":"https:\/\/www.buerger-fuer-kaltenweide.de\/adventszauber\/wp-json\/wp\/v2\/media\/102"}],"wp:attachment":[{"href":"https:\/\/www.buerger-fuer-kaltenweide.de\/adventszauber\/wp-json\/wp\/v2\/media?parent=101"}],"wp:term":[{"taxonomy":"category","embeddable":true,"href":"https:\/\/www.buerger-fuer-kaltenweide.de\/adventszauber\/wp-json\/wp\/v2\/categories?post=101"},{"taxonomy":"post_tag","embeddable":true,"href":"https:\/\/www.buerger-fuer-kaltenweide.de\/adventszauber\/wp-json\/wp\/v2\/tags?post=101"}],"curies":[{"name":"wp","href":"https:\/\/api.w.org\/{rel}","templated":true}]}}