{"id":104,"date":"2026-01-19T14:30:08","date_gmt":"2026-01-19T13:30:08","guid":{"rendered":"https:\/\/www.buerger-fuer-kaltenweide.de\/adventszauber\/2026\/01\/19\/abbau-des-tannenbaums-auf-dem-kaltenweider-platz-adventszauber-2025-beendet\/"},"modified":"2026-01-19T14:30:08","modified_gmt":"2026-01-19T13:30:08","slug":"abbau-des-tannenbaums-auf-dem-kaltenweider-platz-adventszauber-2025-beendet","status":"publish","type":"post","link":"https:\/\/www.buerger-fuer-kaltenweide.de\/adventszauber\/2026\/01\/19\/abbau-des-tannenbaums-auf-dem-kaltenweider-platz-adventszauber-2025-beendet\/","title":{"rendered":"Abbau des Tannenbaums auf dem Kaltenweider Platz \u2013 Adventszauber 2025 beendet"},"content":{"rendered":"\n<p>Heute wurde der Tannenbaum auf dem Kaltenweider Platz entfernt. Dank der tatkr\u00e4ftigen Unterst\u00fctzung von\u00a0<strong>Lutz Re\u00dfmeyer (Bulle Bock Eber Hofladen)<\/strong>\u00a0sowie dem Hausmeister des\u00a0<strong>Altenwohn- &amp; Pflegeheims Margeritenhof<\/strong>\u00a0konnte der Baum erfolgreich abgeschm\u00fcckt, aus der Halterung genommen, zerlegt und abtransportiert werden. Daf\u00fcr m\u00f6chten wir uns herzlich bedanken!<\/p>\n\n\n\n<!--more-->\n\n\n<div class=\"wp-block-image\">\n<figure class=\"alignright size-full is-resized\"><img decoding=\"async\" src=\"https:\/\/www.buerger-fuer-kaltenweide.de\/wp-content\/uploads\/2026\/01\/2026_01_baum-abtransport_05.jpg\" alt=\"\" class=\"wp-image-13626\" style=\"width:350px\"\/><\/figure>\n<\/div>\n\n\n<p>Alle&nbsp;<strong>Acrylkugeln<\/strong>, die die Weihnachtszeit unbeschadet \u00fcberstanden haben, wurden eingesammelt und an die&nbsp;<strong>Grundschule Kaltenweide<\/strong>&nbsp;zur\u00fcckgegeben. Die Sch\u00fclerinnen und Sch\u00fcler, die die Kugeln so flei\u00dfig und liebevoll gestaltet haben, erhalten ihre Kunstwerke in den n\u00e4chsten Tagen zur\u00fcck.<\/p>\n\n\n\n<p>Mit dem Abbau des Baumes findet der&nbsp;<strong>Adventszauber 2025<\/strong>&nbsp;nun offiziell seinen Abschluss \u2013 aber keine Sorge:&nbsp;<strong>Der Adventszauber kommt wieder!<\/strong><br>Am&nbsp;<strong>27. November 2026<\/strong>&nbsp;m\u00f6chten wir den Kaltenweider Platz erneut erleuchten, gemeinsam einen Baum anstrahlen und dieses besondere Ereignis mit ganz Kaltenweide feiern.<\/p>\n\n\n\n<p>\ud83d\udc49&nbsp;<strong>Unser Aufruf wie immer:<\/strong><br>Wer Lust, Zeit und Interesse hat, den Adventszauber aktiv mitzugestalten, darf uns jederzeit gerne kontaktieren. Gemeinsam schaffen wir etwas Wundersch\u00f6nes!<\/p>\n\n\n\n<figure class=\"wp-block-gallery has-nested-images columns-default is-cropped wp-block-gallery-1 is-layout-flex wp-block-gallery-is-layout-flex\">\n<figure class=\"wp-block-image size-large\"><img decoding=\"async\" data-id=\"13629\" src=\"https:\/\/www.buerger-fuer-kaltenweide.de\/wp-content\/uploads\/2026\/01\/2026_01_baum-abtransport_08.jpg\" alt=\"\" class=\"wp-image-13629\"\/><\/figure>\n\n\n\n<figure class=\"wp-block-image size-large\"><img decoding=\"async\" data-id=\"13627\" src=\"https:\/\/www.buerger-fuer-kaltenweide.de\/wp-content\/uploads\/2026\/01\/2026_01_baum-abtransport_06.jpg\" alt=\"\" class=\"wp-image-13627\"\/><\/figure>\n\n\n\n<figure class=\"wp-block-image size-large\"><img decoding=\"async\" data-id=\"13626\" src=\"https:\/\/www.buerger-fuer-kaltenweide.de\/wp-content\/uploads\/2026\/01\/2026_01_baum-abtransport_05.jpg\" alt=\"\" class=\"wp-image-13626\"\/><\/figure>\n\n\n\n<figure class=\"wp-block-image size-large\"><img loading=\"lazy\" decoding=\"async\" width=\"1024\" height=\"768\" data-id=\"105\" src=\"https:\/\/www.buerger-fuer-kaltenweide.de\/adventszauber\/wp-content\/uploads\/sites\/14\/2026\/01\/2026_01_baum-abtransport_03.jpg\" alt=\"\" class=\"wp-image-105\" srcset=\"https:\/\/www.buerger-fuer-kaltenweide.de\/adventszauber\/wp-content\/uploads\/sites\/14\/2026\/01\/2026_01_baum-abtransport_03.jpg 1024w, https:\/\/www.buerger-fuer-kaltenweide.de\/adventszauber\/wp-content\/uploads\/sites\/14\/2026\/01\/2026_01_baum-abtransport_03-300x225.jpg 300w, https:\/\/www.buerger-fuer-kaltenweide.de\/adventszauber\/wp-content\/uploads\/sites\/14\/2026\/01\/2026_01_baum-abtransport_03-768x576.jpg 768w, https:\/\/www.buerger-fuer-kaltenweide.de\/adventszauber\/wp-content\/uploads\/sites\/14\/2026\/01\/2026_01_baum-abtransport_03-320x240.jpg 320w, https:\/\/www.buerger-fuer-kaltenweide.de\/adventszauber\/wp-content\/uploads\/sites\/14\/2026\/01\/2026_01_baum-abtransport_03-600x450.jpg 600w\" sizes=\"auto, (max-width: 1024px) 100vw, 1024px\" \/><\/figure>\n\n\n\n<figure class=\"wp-block-image size-large\"><img decoding=\"async\" data-id=\"13623\" src=\"https:\/\/www.buerger-fuer-kaltenweide.de\/wp-content\/uploads\/2026\/01\/2026_01_baum-abtransport_02.jpg\" alt=\"\" class=\"wp-image-13623\"\/><\/figure>\n\n\n\n<figure class=\"wp-block-image size-large\"><img decoding=\"async\" data-id=\"13622\" src=\"https:\/\/www.buerger-fuer-kaltenweide.de\/wp-content\/uploads\/2026\/01\/2026_01_baum-abtransport_01.jpg\" alt=\"\" class=\"wp-image-13622\"\/><\/figure>\n<\/figure>\n","protected":false},"excerpt":{"rendered":"<p>Heute wurde der Tannenbaum auf dem Kaltenweider Platz entfernt. Dank der tatkr\u00e4ftigen Unterst\u00fctzung von\u00a0Lutz Re\u00dfmeyer (Bulle Bock Eber Hofladen)\u00a0sowie dem Hausmeister des\u00a0Altenwohn- &amp; Pflegeheims Margeritenhof\u00a0konnte der Baum erfolgreich abgeschm\u00fcckt, aus der Halterung genommen, zerlegt und abtransportiert werden. Daf\u00fcr m\u00f6chten wir<\/p>\n","protected":false},"author":1,"featured_media":105,"comment_status":"closed","ping_status":"open","sticky":false,"template":"","format":"standard","meta":{"footnotes":""},"categories":[39,17,19,18,20],"tags":[21],"class_list":["post-104","post","type-post","status-publish","format-standard","has-post-thumbnail","hentry","category-2025-adventszauber","category-adventszauber","category-aktuelles","category-aktuelles-aus-dem-bfk","category-veranstaltungen","tag-adventszauber"],"_links":{"self":[{"href":"https:\/\/www.buerger-fuer-kaltenweide.de\/adventszauber\/wp-json\/wp\/v2\/posts\/104","targetHints":{"allow":["GET"]}}],"collection":[{"href":"https:\/\/www.buerger-fuer-kaltenweide.de\/adventszauber\/wp-json\/wp\/v2\/posts"}],"about":[{"href":"https:\/\/www.buerger-fuer-kaltenweide.de\/adventszauber\/wp-json\/wp\/v2\/types\/post"}],"author":[{"embeddable":true,"href":"https:\/\/www.buerger-fuer-kaltenweide.de\/adventszauber\/wp-json\/wp\/v2\/users\/1"}],"replies":[{"embeddable":true,"href":"https:\/\/www.buerger-fuer-kaltenweide.de\/adventszauber\/wp-json\/wp\/v2\/comments?post=104"}],"version-history":[{"count":1,"href":"https:\/\/www.buerger-fuer-kaltenweide.de\/adventszauber\/wp-json\/wp\/v2\/posts\/104\/revisions"}],"predecessor-version":[{"id":106,"href":"https:\/\/www.buerger-fuer-kaltenweide.de\/adventszauber\/wp-json\/wp\/v2\/posts\/104\/revisions\/106"}],"wp:featuredmedia":[{"embeddable":true,"href":"https:\/\/www.buerger-fuer-kaltenweide.de\/adventszauber\/wp-json\/wp\/v2\/media\/105"}],"wp:attachment":[{"href":"https:\/\/www.buerger-fuer-kaltenweide.de\/adventszauber\/wp-json\/wp\/v2\/media?parent=104"}],"wp:term":[{"taxonomy":"category","embeddable":true,"href":"https:\/\/www.buerger-fuer-kaltenweide.de\/adventszauber\/wp-json\/wp\/v2\/categories?post=104"},{"taxonomy":"post_tag","embeddable":true,"href":"https:\/\/www.buerger-fuer-kaltenweide.de\/adventszauber\/wp-json\/wp\/v2\/tags?post=104"}],"curies":[{"name":"wp","href":"https:\/\/api.w.org\/{rel}","templated":true}]}}