{"id":15,"date":"2025-01-11T11:31:31","date_gmt":"2025-01-11T10:31:31","guid":{"rendered":"https:\/\/www.buerger-fuer-kaltenweide.de\/adventszauber\/2025\/01\/11\/adventszauber-2025-mitglieder-beschliessen-fortsetzung-des-erfolgs\/"},"modified":"2025-03-24T12:25:02","modified_gmt":"2025-03-24T11:25:02","slug":"adventszauber-2025-mitglieder-beschliessen-fortsetzung-des-erfolgs","status":"publish","type":"post","link":"https:\/\/www.buerger-fuer-kaltenweide.de\/adventszauber\/2025\/01\/11\/adventszauber-2025-mitglieder-beschliessen-fortsetzung-des-erfolgs\/","title":{"rendered":"Adventszauber 2025: Mitglieder beschlie\u00dfen Fortsetzung des Erfolgs"},"content":{"rendered":"\n<p>Auf der ersten Vereinssitzung des Jahres haben die anwesenden Mitglieder des Vereins einen R\u00fcckblick auf die erfolgreichen Aktionen im vergangenen Dezember geworfen. Besonders hervorgehoben wurde der&nbsp;<strong>erste Adventszauber 2024<\/strong>, der mit seiner \u00fcberw\u00e4ltigenden Resonanz sowohl bei den Beteiligten als auch bei den Besucherinnen und Besuchern ein gro\u00dfer Erfolg war.<\/p>\n\n\n\n<!--more-->\n\n\n<div class=\"wp-block-image\">\n<figure class=\"alignright size-large is-resized\"><img loading=\"lazy\" decoding=\"async\" width=\"768\" height=\"1024\" src=\"https:\/\/www.buerger-fuer-kaltenweide.de\/adventszauber\/wp-content\/uploads\/sites\/14\/2025\/03\/PHOTO-2024-11-30-09-58-371-768x1024.jpg\" alt=\"(c) 2024 \/ Alexandra Sadowski\" class=\"wp-image-16\" style=\"width:300px\" srcset=\"https:\/\/www.buerger-fuer-kaltenweide.de\/adventszauber\/wp-content\/uploads\/sites\/14\/2025\/03\/PHOTO-2024-11-30-09-58-371-768x1024.jpg 768w, https:\/\/www.buerger-fuer-kaltenweide.de\/adventszauber\/wp-content\/uploads\/sites\/14\/2025\/03\/PHOTO-2024-11-30-09-58-371-225x300.jpg 225w, https:\/\/www.buerger-fuer-kaltenweide.de\/adventszauber\/wp-content\/uploads\/sites\/14\/2025\/03\/PHOTO-2024-11-30-09-58-371-1152x1536.jpg 1152w, https:\/\/www.buerger-fuer-kaltenweide.de\/adventszauber\/wp-content\/uploads\/sites\/14\/2025\/03\/PHOTO-2024-11-30-09-58-371-600x800.jpg 600w, https:\/\/www.buerger-fuer-kaltenweide.de\/adventszauber\/wp-content\/uploads\/sites\/14\/2025\/03\/PHOTO-2024-11-30-09-58-371.jpg 1200w\" sizes=\"auto, (max-width: 768px) 100vw, 768px\" \/><figcaption class=\"wp-element-caption\">Blick auf den Kaltenweider Platz beim Adventszauber 2024 am 29.11.2024<\/figcaption><\/figure>\n<\/div>\n\n\n<p>Der Vereinsvorstand schlug vor, diese Aktion auch im Jahr 2025 fortzusetzen. Dieser Vorschlag wurde von den Mitgliedern einstimmig angenommen.<\/p>\n\n\n\n<p>Auch in diesem Jahr wird daher wieder ein festlich geschm\u00fcckter Weihnachtsbaum auf dem\u00a0<strong>Kaltenweider Platz <\/strong>aufgestellt, begleitet von einem stimmungsvollen Fest am Freitag vor dem ersten Advent. Die Vorfreude ist gro\u00df, denn alle Vereine und Institutionen, die den Adventszauber 2024 unterst\u00fctzt haben, haben bereits ihre erneute Teilnahme zugesagt. Zus\u00e4tzlich gibt es bereits Anfragen von weiteren Einrichtungen, die Teil dieses besonderen Events werden m\u00f6chten.<\/p>\n\n\n\n<p>Wir freuen uns darauf, gemeinsam mit Ihnen auch 2025 den Adventszauber zu einem unvergesslichen Erlebnis zu machen!<\/p>\n","protected":false},"excerpt":{"rendered":"<p>Auf der ersten Vereinssitzung des Jahres haben die anwesenden Mitglieder des Vereins einen R\u00fcckblick auf die erfolgreichen Aktionen im vergangenen Dezember geworfen. Besonders hervorgehoben wurde der&nbsp;erste Adventszauber 2024, der mit seiner \u00fcberw\u00e4ltigenden Resonanz sowohl bei den Beteiligten als auch bei<\/p>\n","protected":false},"author":1,"featured_media":16,"comment_status":"closed","ping_status":"open","sticky":false,"template":"","format":"standard","meta":{"footnotes":""},"categories":[39,17,18],"tags":[],"class_list":["post-15","post","type-post","status-publish","format-standard","has-post-thumbnail","hentry","category-2025-adventszauber","category-adventszauber","category-aktuelles-aus-dem-bfk"],"_links":{"self":[{"href":"https:\/\/www.buerger-fuer-kaltenweide.de\/adventszauber\/wp-json\/wp\/v2\/posts\/15","targetHints":{"allow":["GET"]}}],"collection":[{"href":"https:\/\/www.buerger-fuer-kaltenweide.de\/adventszauber\/wp-json\/wp\/v2\/posts"}],"about":[{"href":"https:\/\/www.buerger-fuer-kaltenweide.de\/adventszauber\/wp-json\/wp\/v2\/types\/post"}],"author":[{"embeddable":true,"href":"https:\/\/www.buerger-fuer-kaltenweide.de\/adventszauber\/wp-json\/wp\/v2\/users\/1"}],"replies":[{"embeddable":true,"href":"https:\/\/www.buerger-fuer-kaltenweide.de\/adventszauber\/wp-json\/wp\/v2\/comments?post=15"}],"version-history":[{"count":3,"href":"https:\/\/www.buerger-fuer-kaltenweide.de\/adventszauber\/wp-json\/wp\/v2\/posts\/15\/revisions"}],"predecessor-version":[{"id":30,"href":"https:\/\/www.buerger-fuer-kaltenweide.de\/adventszauber\/wp-json\/wp\/v2\/posts\/15\/revisions\/30"}],"wp:featuredmedia":[{"embeddable":true,"href":"https:\/\/www.buerger-fuer-kaltenweide.de\/adventszauber\/wp-json\/wp\/v2\/media\/16"}],"wp:attachment":[{"href":"https:\/\/www.buerger-fuer-kaltenweide.de\/adventszauber\/wp-json\/wp\/v2\/media?parent=15"}],"wp:term":[{"taxonomy":"category","embeddable":true,"href":"https:\/\/www.buerger-fuer-kaltenweide.de\/adventszauber\/wp-json\/wp\/v2\/categories?post=15"},{"taxonomy":"post_tag","embeddable":true,"href":"https:\/\/www.buerger-fuer-kaltenweide.de\/adventszauber\/wp-json\/wp\/v2\/tags?post=15"}],"curies":[{"name":"wp","href":"https:\/\/api.w.org\/{rel}","templated":true}]}}