{"id":18,"date":"2024-11-30T10:56:33","date_gmt":"2024-11-30T09:56:33","guid":{"rendered":"https:\/\/www.buerger-fuer-kaltenweide.de\/adventszauber\/2024\/11\/30\/adventszauber-kaltenweide-ein-fest-der-freude-und-gemeinschaft\/"},"modified":"2025-03-24T12:18:32","modified_gmt":"2025-03-24T11:18:32","slug":"adventszauber-kaltenweide-ein-fest-der-freude-und-gemeinschaft","status":"publish","type":"post","link":"https:\/\/www.buerger-fuer-kaltenweide.de\/adventszauber\/2024\/11\/30\/adventszauber-kaltenweide-ein-fest-der-freude-und-gemeinschaft\/","title":{"rendered":"Adventszauber Kaltenweide: Ein Fest der Freude und Gemeinschaft"},"content":{"rendered":"\n<p>Der Adventszauber in Kaltenweide war ein voller Erfolg und ein wundersch\u00f6ner Auftakt in die Weihnachtszeit! Wir sind \u00fcberw\u00e4ltigt von der gro\u00dfen Resonanz und bedanken uns herzlich bei den zahlreichen Besucherinnen und Besuchern, die uns mit ihrer Anwesenheit \u00fcberrascht und begeistert haben.<\/p>\n\n\n\n<!--more-->\n\n\n<div class=\"wp-block-image\">\n<figure class=\"alignright size-large is-resized\"><img decoding=\"async\" src=\"https:\/\/www.buerger-fuer-kaltenweide.de\/wp-content\/uploads\/2024\/11\/3c7ab569-ad96-49ef-97e3-12d14712dc31-1024x768.jpeg\" alt=\"(c) 2024 - Florian Windeck \/ B\u00fcrger f\u00fcr Kaltenweide e.V.\" class=\"wp-image-8955\" style=\"width:300px\"\/><\/figure>\n<\/div>\n\n\n<h6 class=\"wp-block-heading\">Kulinarischer Erfolg und stimmungsvolle Highlights<\/h6>\n\n\n\n<p>,Die kulinarischen St\u00e4nde waren restlos ausverkauft \u2013 ein Zeichen daf\u00fcr, wie gut unsere Leckereien ankamen. Hier ein Blick auf die beeindruckenden Zahlen:<\/p>\n\n\n\n<ul class=\"wp-block-list\">\n<li><strong>80 Liter Gl\u00fchwein<\/strong>&nbsp;wurden ausgeschenkt<\/li>\n\n\n\n<li><strong>60 Liter hei\u00dfer Kakao<\/strong>&nbsp;w\u00e4rmte kleine und gro\u00dfe H\u00e4nde.<\/li>\n\n\n\n<li><strong>10 Pakete Popcornmais<\/strong>&nbsp;verwandelten sich in duftendes, knuspriges Popcorn.<\/li>\n\n\n\n<li><strong>400 Bratw\u00fcrste<\/strong>&nbsp;fanden hungrige Abnehmer.<\/li>\n\n\n\n<li><strong>Hunderte Kartoffelpuffer<\/strong>&nbsp;wurden frisch zubereitet.<\/li>\n\n\n\n<li><strong>16 gro\u00dfe Sch\u00fcsseln Waffelteig<\/strong>&nbsp;sorgten f\u00fcr den s\u00fc\u00dfen Abschluss.<\/li>\n<\/ul>\n\n\n\n<h6 class=\"wp-block-heading\">Ein buntes Programm f\u00fcr die ganze Familie<\/h6>\n\n\n\n<p>Zu Beginn der Veranstaltung stimmten Sch\u00fclerinnen und Sch\u00fcler der Grundschule Kaltenweide zusammen mit Rektorin und Lehrern mit Weihnachtsliedern auf den Advent ein. Anschlie\u00dfend schm\u00fcckten Kinder der DRK KiTa Weiherfeld gemeinsam mit den Grundsch\u00fclerinnen und -sch\u00fclern den gro\u00dfen Weihnachtsbaum mit liebevoll selbstgebastelter Dekoration.<\/p>\n\n\n\n<p>Der Weihnachtsmann h\u00f6chstpers\u00f6nlich stattete dem Adventszauber einen Besuch ab und verteilte kleine Geschenke an die j\u00fcngsten G\u00e4ste. Der Treckerclub Kaltenweide stelle drei historische Traktoren aus, die von vielen Kindern und Erwachsenen bestaunt wurden.<\/p>\n\n\n\n<p>Ein weiteres Highlight war der Auftritt des Posaunenchors der Evangelischen Matthias-Claudius-Kirche, der den Kaltenweider Platz mit traditioneller Weihnachtsmusik erf\u00fcllte und f\u00fcr besinnliche Stimmung sorgte.<\/p>\n\n\n\n<h6 class=\"wp-block-heading\">Danke f\u00fcr diesen zauberhaften Tag!<\/h6>\n\n\n\n<p>Ein herzliches Dankesch\u00f6n geht an alle Helferinnen und Helfer, die diesen besonderen Tag m\u00f6glich gemacht haben, sowie an die Teilnehmerinnen und Teilnehmer der St\u00e4nde und Programmpunkte.<\/p>\n\n\n\n<p><span style=\"caret-color: #000000; color: #000000; font-family: Roboto, sans-serif; font-size: 16px; white-space: normal;\">Wir freuen uns schon jetzt auf den n\u00e4chsten Adventszauber in Kaltenweide! Bis dahin w\u00fcnschen wir allen eine besinnliche Weihnachtszeit.<\/span><\/p>\n\n\n\n<div class=\"wp-block-jetpack-tiled-gallery aligncenter is-style-rectangular\"><div class=\"\"><div class=\"tiled-gallery__gallery\"><div class=\"tiled-gallery__row\"><div class=\"tiled-gallery__col\" style=\"flex-basis:66.74837%\"><figure class=\"tiled-gallery__item\"><img decoding=\"async\" alt=\"(c) 2024 - Florian Windeck \/ B\u00fcrger f\u00fcr Kaltenweide e.V.\" data-height=\"1920\" data-id=\"8986\" data-link=\"https:\/\/www.buerger-fuer-kaltenweide.de\/img_6147\/\" data-url=\"https:\/\/www.buerger-fuer-kaltenweide.de\/wp-content\/uploads\/2024\/11\/IMG_6147-1024x768.jpeg\" data-width=\"2560\" src=\"https:\/\/i0.wp.com\/www.buerger-fuer-kaltenweide.de\/wp-content\/uploads\/2024\/11\/IMG_6147-1024x768.jpeg?ssl=1\" data-amp-layout=\"responsive\" tabindex=\"0\" role=\"button\" aria-label=\"Bild\u00a01 von 34 im Vollbildmodus \u00f6ffnen\"\/><\/figure><\/div><div class=\"tiled-gallery__col\" style=\"flex-basis:33.25163%\"><figure class=\"tiled-gallery__item\"><img decoding=\"async\" alt=\"(c) 2024 - Florian Windeck \/ B\u00fcrger f\u00fcr Kaltenweide e.V.\" data-height=\"1920\" data-id=\"8985\" data-link=\"https:\/\/www.buerger-fuer-kaltenweide.de\/img_6127\/\" data-url=\"https:\/\/www.buerger-fuer-kaltenweide.de\/wp-content\/uploads\/2024\/11\/IMG_6127-1024x768.jpeg\" data-width=\"2560\" src=\"https:\/\/i0.wp.com\/www.buerger-fuer-kaltenweide.de\/wp-content\/uploads\/2024\/11\/IMG_6127-1024x768.jpeg?ssl=1\" data-amp-layout=\"responsive\" tabindex=\"0\" role=\"button\" aria-label=\"Bild\u00a02 von 34 im Vollbildmodus \u00f6ffnen\"\/><\/figure><figure class=\"tiled-gallery__item\"><img decoding=\"async\" alt=\"(c) 2024 - Florian Windeck \/ B\u00fcrger f\u00fcr Kaltenweide e.V.\" data-height=\"1920\" data-id=\"8984\" data-link=\"https:\/\/www.buerger-fuer-kaltenweide.de\/img_6131\/\" data-url=\"https:\/\/www.buerger-fuer-kaltenweide.de\/wp-content\/uploads\/2024\/11\/IMG_6131-1024x768.jpeg\" data-width=\"2560\" src=\"https:\/\/i0.wp.com\/www.buerger-fuer-kaltenweide.de\/wp-content\/uploads\/2024\/11\/IMG_6131-1024x768.jpeg?ssl=1\" data-amp-layout=\"responsive\" tabindex=\"0\" role=\"button\" aria-label=\"Bild\u00a03 von 34 im Vollbildmodus \u00f6ffnen\"\/><\/figure><\/div><\/div><div class=\"tiled-gallery__row\"><div class=\"tiled-gallery__col\" style=\"flex-basis:33.33333%\"><figure class=\"tiled-gallery__item\"><img decoding=\"async\" alt=\"(c) 2024 - Florian Windeck \/ B\u00fcrger f\u00fcr Kaltenweide e.V.\" data-height=\"1920\" data-id=\"8983\" data-link=\"https:\/\/www.buerger-fuer-kaltenweide.de\/img_6132\/\" data-url=\"https:\/\/www.buerger-fuer-kaltenweide.de\/wp-content\/uploads\/2024\/11\/IMG_6132-1024x768.jpeg\" data-width=\"2560\" src=\"https:\/\/i0.wp.com\/www.buerger-fuer-kaltenweide.de\/wp-content\/uploads\/2024\/11\/IMG_6132-1024x768.jpeg?ssl=1\" data-amp-layout=\"responsive\" tabindex=\"0\" role=\"button\" aria-label=\"Bild\u00a04 von 34 im Vollbildmodus \u00f6ffnen\"\/><\/figure><\/div><div class=\"tiled-gallery__col\" style=\"flex-basis:33.33333%\"><figure class=\"tiled-gallery__item\"><img decoding=\"async\" alt=\"(c) 2024 - Florian Windeck \/ B\u00fcrger f\u00fcr Kaltenweide e.V.\" data-height=\"1920\" data-id=\"8982\" data-link=\"https:\/\/www.buerger-fuer-kaltenweide.de\/img_6140\/\" data-url=\"https:\/\/www.buerger-fuer-kaltenweide.de\/wp-content\/uploads\/2024\/11\/IMG_6140-1024x768.jpeg\" data-width=\"2560\" src=\"https:\/\/i0.wp.com\/www.buerger-fuer-kaltenweide.de\/wp-content\/uploads\/2024\/11\/IMG_6140-1024x768.jpeg?ssl=1\" data-amp-layout=\"responsive\" tabindex=\"0\" role=\"button\" aria-label=\"Bild\u00a05 von 34 im Vollbildmodus \u00f6ffnen\"\/><\/figure><\/div><div class=\"tiled-gallery__col\" style=\"flex-basis:33.33333%\"><figure class=\"tiled-gallery__item\"><img decoding=\"async\" alt=\"(c) 2024 - Florian Windeck \/ B\u00fcrger f\u00fcr Kaltenweide e.V.\" data-height=\"1920\" data-id=\"8981\" data-link=\"https:\/\/www.buerger-fuer-kaltenweide.de\/img_6143\/\" data-url=\"https:\/\/www.buerger-fuer-kaltenweide.de\/wp-content\/uploads\/2024\/11\/IMG_6143-1024x768.jpeg\" data-width=\"2560\" src=\"https:\/\/i0.wp.com\/www.buerger-fuer-kaltenweide.de\/wp-content\/uploads\/2024\/11\/IMG_6143-1024x768.jpeg?ssl=1\" data-amp-layout=\"responsive\" tabindex=\"0\" role=\"button\" aria-label=\"Bild\u00a06 von 34 im Vollbildmodus \u00f6ffnen\"\/><\/figure><\/div><\/div><div class=\"tiled-gallery__row\"><div class=\"tiled-gallery__col\" style=\"flex-basis:33.25163%\"><figure class=\"tiled-gallery__item\"><img decoding=\"async\" alt=\"(c) 2024 - Florian Windeck \/ B\u00fcrger f\u00fcr Kaltenweide e.V.\" data-height=\"1920\" data-id=\"8980\" data-link=\"https:\/\/www.buerger-fuer-kaltenweide.de\/img_6144\/\" data-url=\"https:\/\/www.buerger-fuer-kaltenweide.de\/wp-content\/uploads\/2024\/11\/IMG_6144-1024x768.jpeg\" data-width=\"2560\" src=\"https:\/\/i0.wp.com\/www.buerger-fuer-kaltenweide.de\/wp-content\/uploads\/2024\/11\/IMG_6144-1024x768.jpeg?ssl=1\" data-amp-layout=\"responsive\" tabindex=\"0\" role=\"button\" aria-label=\"Bild\u00a07 von 34 im Vollbildmodus \u00f6ffnen\"\/><\/figure><figure class=\"tiled-gallery__item\"><img decoding=\"async\" alt=\"(c) 2024 - Florian Windeck \/ B\u00fcrger f\u00fcr Kaltenweide e.V.\" data-height=\"1920\" data-id=\"8979\" data-link=\"https:\/\/www.buerger-fuer-kaltenweide.de\/img_6145\/\" data-url=\"https:\/\/www.buerger-fuer-kaltenweide.de\/wp-content\/uploads\/2024\/11\/IMG_6145-1024x768.jpeg\" data-width=\"2560\" src=\"https:\/\/i0.wp.com\/www.buerger-fuer-kaltenweide.de\/wp-content\/uploads\/2024\/11\/IMG_6145-1024x768.jpeg?ssl=1\" data-amp-layout=\"responsive\" tabindex=\"0\" role=\"button\" aria-label=\"Bild\u00a08 von 34 im Vollbildmodus \u00f6ffnen\"\/><\/figure><\/div><div class=\"tiled-gallery__col\" style=\"flex-basis:66.74837%\"><figure class=\"tiled-gallery__item\"><img decoding=\"async\" alt=\"(c) 2024 - Florian Windeck \/ B\u00fcrger f\u00fcr Kaltenweide e.V.\" data-height=\"1920\" data-id=\"8978\" data-link=\"https:\/\/www.buerger-fuer-kaltenweide.de\/img_6146\/\" data-url=\"https:\/\/www.buerger-fuer-kaltenweide.de\/wp-content\/uploads\/2024\/11\/IMG_6146-1024x768.jpeg\" data-width=\"2560\" src=\"https:\/\/i0.wp.com\/www.buerger-fuer-kaltenweide.de\/wp-content\/uploads\/2024\/11\/IMG_6146-1024x768.jpeg?ssl=1\" data-amp-layout=\"responsive\" tabindex=\"0\" role=\"button\" aria-label=\"Bild\u00a09 von 34 im Vollbildmodus \u00f6ffnen\"\/><\/figure><\/div><\/div><div class=\"tiled-gallery__row\"><div class=\"tiled-gallery__col\" style=\"flex-basis:50.00000%\"><figure class=\"tiled-gallery__item\"><img decoding=\"async\" alt=\"(c) 2024 - Florian Windeck \/ B\u00fcrger f\u00fcr Kaltenweide e.V.\" data-height=\"1920\" data-id=\"8977\" data-link=\"https:\/\/www.buerger-fuer-kaltenweide.de\/img_6150\/\" data-url=\"https:\/\/www.buerger-fuer-kaltenweide.de\/wp-content\/uploads\/2024\/11\/IMG_6150-1024x768.jpeg\" data-width=\"2560\" src=\"https:\/\/i0.wp.com\/www.buerger-fuer-kaltenweide.de\/wp-content\/uploads\/2024\/11\/IMG_6150-1024x768.jpeg?ssl=1\" data-amp-layout=\"responsive\" tabindex=\"0\" role=\"button\" aria-label=\"Bild\u00a010 von 34 im Vollbildmodus \u00f6ffnen\"\/><\/figure><\/div><div class=\"tiled-gallery__col\" style=\"flex-basis:50.00000%\"><figure class=\"tiled-gallery__item\"><img decoding=\"async\" alt=\"(c) 2024 - Florian Windeck \/ B\u00fcrger f\u00fcr Kaltenweide e.V.\" data-height=\"1920\" data-id=\"8976\" data-link=\"https:\/\/www.buerger-fuer-kaltenweide.de\/img_6154\/\" data-url=\"https:\/\/www.buerger-fuer-kaltenweide.de\/wp-content\/uploads\/2024\/11\/IMG_6154-1024x768.jpeg\" data-width=\"2560\" src=\"https:\/\/i0.wp.com\/www.buerger-fuer-kaltenweide.de\/wp-content\/uploads\/2024\/11\/IMG_6154-1024x768.jpeg?ssl=1\" data-amp-layout=\"responsive\" tabindex=\"0\" role=\"button\" aria-label=\"Bild\u00a011 von 34 im Vollbildmodus \u00f6ffnen\"\/><\/figure><\/div><\/div><div class=\"tiled-gallery__row\"><div class=\"tiled-gallery__col\" style=\"flex-basis:66.74837%\"><figure class=\"tiled-gallery__item\"><img decoding=\"async\" alt=\"(c) 2024 - Florian Windeck \/ B\u00fcrger f\u00fcr Kaltenweide e.V.\" data-height=\"1920\" data-id=\"8975\" data-link=\"https:\/\/www.buerger-fuer-kaltenweide.de\/img_6160\/\" data-url=\"https:\/\/www.buerger-fuer-kaltenweide.de\/wp-content\/uploads\/2024\/11\/IMG_6160-1024x768.jpeg\" data-width=\"2560\" src=\"https:\/\/i0.wp.com\/www.buerger-fuer-kaltenweide.de\/wp-content\/uploads\/2024\/11\/IMG_6160-1024x768.jpeg?ssl=1\" data-amp-layout=\"responsive\" tabindex=\"0\" role=\"button\" aria-label=\"Bild\u00a012 von 34 im Vollbildmodus \u00f6ffnen\"\/><\/figure><\/div><div class=\"tiled-gallery__col\" style=\"flex-basis:33.25163%\"><figure class=\"tiled-gallery__item\"><img decoding=\"async\" alt=\"(c) 2024 - Florian Windeck \/ B\u00fcrger f\u00fcr Kaltenweide e.V.\" data-height=\"1920\" data-id=\"8974\" data-link=\"https:\/\/www.buerger-fuer-kaltenweide.de\/img_6161\/\" data-url=\"https:\/\/www.buerger-fuer-kaltenweide.de\/wp-content\/uploads\/2024\/11\/IMG_6161-1024x768.jpeg\" data-width=\"2560\" src=\"https:\/\/i0.wp.com\/www.buerger-fuer-kaltenweide.de\/wp-content\/uploads\/2024\/11\/IMG_6161-1024x768.jpeg?ssl=1\" data-amp-layout=\"responsive\" tabindex=\"0\" role=\"button\" aria-label=\"Bild\u00a013 von 34 im Vollbildmodus \u00f6ffnen\"\/><\/figure><figure class=\"tiled-gallery__item\"><img decoding=\"async\" alt=\"(c) 2024 - Florian Windeck \/ B\u00fcrger f\u00fcr Kaltenweide e.V.\" data-height=\"1920\" data-id=\"8973\" data-link=\"https:\/\/www.buerger-fuer-kaltenweide.de\/img_6163\/\" data-url=\"https:\/\/www.buerger-fuer-kaltenweide.de\/wp-content\/uploads\/2024\/11\/IMG_6163-1024x768.jpeg\" data-width=\"2560\" src=\"https:\/\/i0.wp.com\/www.buerger-fuer-kaltenweide.de\/wp-content\/uploads\/2024\/11\/IMG_6163-1024x768.jpeg?ssl=1\" data-amp-layout=\"responsive\" tabindex=\"0\" role=\"button\" aria-label=\"Bild\u00a014 von 34 im Vollbildmodus \u00f6ffnen\"\/><\/figure><\/div><\/div><div class=\"tiled-gallery__row\"><div class=\"tiled-gallery__col\" style=\"flex-basis:33.33333%\"><figure class=\"tiled-gallery__item\"><img decoding=\"async\" alt=\"(c) 2024 - Florian Windeck \/ B\u00fcrger f\u00fcr Kaltenweide e.V.\" data-height=\"1920\" data-id=\"8972\" data-link=\"https:\/\/www.buerger-fuer-kaltenweide.de\/img_6164\/\" data-url=\"https:\/\/www.buerger-fuer-kaltenweide.de\/wp-content\/uploads\/2024\/11\/IMG_6164-1024x768.jpeg\" data-width=\"2560\" src=\"https:\/\/i0.wp.com\/www.buerger-fuer-kaltenweide.de\/wp-content\/uploads\/2024\/11\/IMG_6164-1024x768.jpeg?ssl=1\" data-amp-layout=\"responsive\" tabindex=\"0\" role=\"button\" aria-label=\"Bild\u00a015 von 34 im Vollbildmodus \u00f6ffnen\"\/><\/figure><\/div><div class=\"tiled-gallery__col\" style=\"flex-basis:33.33333%\"><figure class=\"tiled-gallery__item\"><img decoding=\"async\" alt=\"(c) 2024 - Florian Windeck \/ B\u00fcrger f\u00fcr Kaltenweide e.V.\" data-height=\"1920\" data-id=\"8971\" data-link=\"https:\/\/www.buerger-fuer-kaltenweide.de\/img_6165\/\" data-url=\"https:\/\/www.buerger-fuer-kaltenweide.de\/wp-content\/uploads\/2024\/11\/IMG_6165-1024x768.jpeg\" data-width=\"2560\" src=\"https:\/\/i0.wp.com\/www.buerger-fuer-kaltenweide.de\/wp-content\/uploads\/2024\/11\/IMG_6165-1024x768.jpeg?ssl=1\" data-amp-layout=\"responsive\" tabindex=\"0\" role=\"button\" aria-label=\"Bild\u00a016 von 34 im Vollbildmodus \u00f6ffnen\"\/><\/figure><\/div><div class=\"tiled-gallery__col\" style=\"flex-basis:33.33333%\"><figure class=\"tiled-gallery__item\"><img decoding=\"async\" alt=\"(c) 2024 - Florian Windeck \/ B\u00fcrger f\u00fcr Kaltenweide e.V.\" data-height=\"1920\" data-id=\"8970\" data-link=\"https:\/\/www.buerger-fuer-kaltenweide.de\/img_6166\/\" data-url=\"https:\/\/www.buerger-fuer-kaltenweide.de\/wp-content\/uploads\/2024\/11\/IMG_6166-1024x768.jpeg\" data-width=\"2560\" src=\"https:\/\/i0.wp.com\/www.buerger-fuer-kaltenweide.de\/wp-content\/uploads\/2024\/11\/IMG_6166-1024x768.jpeg?ssl=1\" data-amp-layout=\"responsive\" tabindex=\"0\" role=\"button\" aria-label=\"Bild\u00a017 von 34 im Vollbildmodus \u00f6ffnen\"\/><\/figure><\/div><\/div><div class=\"tiled-gallery__row\"><div class=\"tiled-gallery__col\" style=\"flex-basis:33.25163%\"><figure class=\"tiled-gallery__item\"><img decoding=\"async\" alt=\"(c) 2024 - Florian Windeck \/ B\u00fcrger f\u00fcr Kaltenweide e.V.\" data-height=\"1920\" data-id=\"8969\" data-link=\"https:\/\/www.buerger-fuer-kaltenweide.de\/img_6167\/\" data-url=\"https:\/\/www.buerger-fuer-kaltenweide.de\/wp-content\/uploads\/2024\/11\/IMG_6167-1024x768.jpeg\" data-width=\"2560\" src=\"https:\/\/i0.wp.com\/www.buerger-fuer-kaltenweide.de\/wp-content\/uploads\/2024\/11\/IMG_6167-1024x768.jpeg?ssl=1\" data-amp-layout=\"responsive\" tabindex=\"0\" role=\"button\" aria-label=\"Bild\u00a018 von 34 im Vollbildmodus \u00f6ffnen\"\/><\/figure><figure class=\"tiled-gallery__item\"><img decoding=\"async\" alt=\"(c) 2024 - Florian Windeck \/ B\u00fcrger f\u00fcr Kaltenweide e.V.\" data-height=\"1920\" data-id=\"8968\" data-link=\"https:\/\/www.buerger-fuer-kaltenweide.de\/img_6168\/\" data-url=\"https:\/\/www.buerger-fuer-kaltenweide.de\/wp-content\/uploads\/2024\/11\/IMG_6168-1024x768.jpeg\" data-width=\"2560\" src=\"https:\/\/i0.wp.com\/www.buerger-fuer-kaltenweide.de\/wp-content\/uploads\/2024\/11\/IMG_6168-1024x768.jpeg?ssl=1\" data-amp-layout=\"responsive\" tabindex=\"0\" role=\"button\" aria-label=\"Bild\u00a019 von 34 im Vollbildmodus \u00f6ffnen\"\/><\/figure><\/div><div class=\"tiled-gallery__col\" style=\"flex-basis:66.74837%\"><figure class=\"tiled-gallery__item\"><img decoding=\"async\" alt=\"(c) 2024 - Florian Windeck \/ B\u00fcrger f\u00fcr Kaltenweide e.V.\" data-height=\"1920\" data-id=\"8967\" data-link=\"https:\/\/www.buerger-fuer-kaltenweide.de\/img_6169\/\" data-url=\"https:\/\/www.buerger-fuer-kaltenweide.de\/wp-content\/uploads\/2024\/11\/IMG_6169-1024x768.jpeg\" data-width=\"2560\" src=\"https:\/\/i0.wp.com\/www.buerger-fuer-kaltenweide.de\/wp-content\/uploads\/2024\/11\/IMG_6169-1024x768.jpeg?ssl=1\" data-amp-layout=\"responsive\" tabindex=\"0\" role=\"button\" aria-label=\"Bild\u00a020 von 34 im Vollbildmodus \u00f6ffnen\"\/><\/figure><\/div><\/div><div class=\"tiled-gallery__row\"><div class=\"tiled-gallery__col\" style=\"flex-basis:50.00000%\"><figure class=\"tiled-gallery__item\"><img decoding=\"async\" alt=\"(c) 2024 - Florian Windeck \/ B\u00fcrger f\u00fcr Kaltenweide e.V.\" data-height=\"1920\" data-id=\"8966\" data-link=\"https:\/\/www.buerger-fuer-kaltenweide.de\/img_6170\/\" data-url=\"https:\/\/www.buerger-fuer-kaltenweide.de\/wp-content\/uploads\/2024\/11\/IMG_6170-1024x768.jpeg\" data-width=\"2560\" src=\"https:\/\/i0.wp.com\/www.buerger-fuer-kaltenweide.de\/wp-content\/uploads\/2024\/11\/IMG_6170-1024x768.jpeg?ssl=1\" data-amp-layout=\"responsive\" tabindex=\"0\" role=\"button\" aria-label=\"Bild\u00a021 von 34 im Vollbildmodus \u00f6ffnen\"\/><\/figure><\/div><div class=\"tiled-gallery__col\" style=\"flex-basis:50.00000%\"><figure class=\"tiled-gallery__item\"><img decoding=\"async\" alt=\"(c) 2024 - Florian Windeck \/ B\u00fcrger f\u00fcr Kaltenweide e.V.\" data-height=\"1920\" data-id=\"8965\" data-link=\"https:\/\/www.buerger-fuer-kaltenweide.de\/img_6171\/\" data-url=\"https:\/\/www.buerger-fuer-kaltenweide.de\/wp-content\/uploads\/2024\/11\/IMG_6171-1024x768.jpeg\" data-width=\"2560\" src=\"https:\/\/i0.wp.com\/www.buerger-fuer-kaltenweide.de\/wp-content\/uploads\/2024\/11\/IMG_6171-1024x768.jpeg?ssl=1\" data-amp-layout=\"responsive\" tabindex=\"0\" role=\"button\" aria-label=\"Bild\u00a022 von 34 im Vollbildmodus \u00f6ffnen\"\/><\/figure><\/div><\/div><div class=\"tiled-gallery__row\"><div class=\"tiled-gallery__col\" style=\"flex-basis:66.74837%\"><figure class=\"tiled-gallery__item\"><img decoding=\"async\" alt=\"(c) 2024 - Florian Windeck \/ B\u00fcrger f\u00fcr Kaltenweide e.V.\" data-height=\"1920\" data-id=\"8964\" data-link=\"https:\/\/www.buerger-fuer-kaltenweide.de\/img_6172\/\" data-url=\"https:\/\/www.buerger-fuer-kaltenweide.de\/wp-content\/uploads\/2024\/11\/IMG_6172-1024x768.jpeg\" data-width=\"2560\" src=\"https:\/\/i0.wp.com\/www.buerger-fuer-kaltenweide.de\/wp-content\/uploads\/2024\/11\/IMG_6172-1024x768.jpeg?ssl=1\" data-amp-layout=\"responsive\" tabindex=\"0\" role=\"button\" aria-label=\"Bild\u00a023 von 34 im Vollbildmodus \u00f6ffnen\"\/><\/figure><\/div><div class=\"tiled-gallery__col\" style=\"flex-basis:33.25163%\"><figure class=\"tiled-gallery__item\"><img decoding=\"async\" alt=\"(c) 2024 - Florian Windeck \/ B\u00fcrger f\u00fcr Kaltenweide e.V.\" data-height=\"1920\" data-id=\"8963\" data-link=\"https:\/\/www.buerger-fuer-kaltenweide.de\/img_6177\/\" data-url=\"https:\/\/www.buerger-fuer-kaltenweide.de\/wp-content\/uploads\/2024\/11\/IMG_6177-1024x768.jpeg\" data-width=\"2560\" src=\"https:\/\/i0.wp.com\/www.buerger-fuer-kaltenweide.de\/wp-content\/uploads\/2024\/11\/IMG_6177-1024x768.jpeg?ssl=1\" data-amp-layout=\"responsive\" tabindex=\"0\" role=\"button\" aria-label=\"Bild\u00a024 von 34 im Vollbildmodus \u00f6ffnen\"\/><\/figure><figure class=\"tiled-gallery__item\"><img decoding=\"async\" alt=\"(c) 2024 - Florian Windeck \/ B\u00fcrger f\u00fcr Kaltenweide e.V.\" data-height=\"1920\" data-id=\"8962\" data-link=\"https:\/\/www.buerger-fuer-kaltenweide.de\/img_6180\/\" data-url=\"https:\/\/www.buerger-fuer-kaltenweide.de\/wp-content\/uploads\/2024\/11\/IMG_6180-1024x768.jpeg\" data-width=\"2560\" src=\"https:\/\/i0.wp.com\/www.buerger-fuer-kaltenweide.de\/wp-content\/uploads\/2024\/11\/IMG_6180-1024x768.jpeg?ssl=1\" data-amp-layout=\"responsive\" tabindex=\"0\" role=\"button\" aria-label=\"Bild\u00a025 von 34 im Vollbildmodus \u00f6ffnen\"\/><\/figure><\/div><\/div><div class=\"tiled-gallery__row\"><div class=\"tiled-gallery__col\" style=\"flex-basis:33.33333%\"><figure class=\"tiled-gallery__item\"><img decoding=\"async\" alt=\"(c) 2024 - Florian Windeck \/ B\u00fcrger f\u00fcr Kaltenweide e.V.\" data-height=\"1920\" data-id=\"19\" data-link=\"https:\/\/www.buerger-fuer-kaltenweide.de\/img_6182\/\" data-url=\"https:\/\/www.buerger-fuer-kaltenweide.de\/adventszauber\/wp-content\/uploads\/sites\/14\/2025\/03\/IMG_6182-1024x768.jpeg\" data-width=\"2560\" src=\"https:\/\/i0.wp.com\/www.buerger-fuer-kaltenweide.de\/wp-content\/uploads\/2024\/11\/IMG_6182-1024x768.jpeg?ssl=1\" data-amp-layout=\"responsive\" tabindex=\"0\" role=\"button\" aria-label=\"Bild\u00a026 von 34 im Vollbildmodus \u00f6ffnen\"\/><\/figure><\/div><div class=\"tiled-gallery__col\" style=\"flex-basis:33.33333%\"><figure class=\"tiled-gallery__item\"><img decoding=\"async\" alt=\"(c) 2024 - Florian Windeck \/ B\u00fcrger f\u00fcr Kaltenweide e.V.\" data-height=\"1920\" data-id=\"8960\" data-link=\"https:\/\/www.buerger-fuer-kaltenweide.de\/img_6189\/\" data-url=\"https:\/\/www.buerger-fuer-kaltenweide.de\/wp-content\/uploads\/2024\/11\/IMG_6189-1024x768.jpeg\" data-width=\"2560\" src=\"https:\/\/i0.wp.com\/www.buerger-fuer-kaltenweide.de\/wp-content\/uploads\/2024\/11\/IMG_6189-1024x768.jpeg?ssl=1\" data-amp-layout=\"responsive\" tabindex=\"0\" role=\"button\" aria-label=\"Bild\u00a027 von 34 im Vollbildmodus \u00f6ffnen\"\/><\/figure><\/div><div class=\"tiled-gallery__col\" style=\"flex-basis:33.33333%\"><figure class=\"tiled-gallery__item\"><img decoding=\"async\" alt=\"(c) 2024 - Florian Windeck \/ B\u00fcrger f\u00fcr Kaltenweide e.V.\" data-height=\"1920\" data-id=\"8959\" data-link=\"https:\/\/www.buerger-fuer-kaltenweide.de\/img_6194\/\" data-url=\"https:\/\/www.buerger-fuer-kaltenweide.de\/wp-content\/uploads\/2024\/11\/IMG_6194-1024x768.jpeg\" data-width=\"2560\" src=\"https:\/\/i0.wp.com\/www.buerger-fuer-kaltenweide.de\/wp-content\/uploads\/2024\/11\/IMG_6194-1024x768.jpeg?ssl=1\" data-amp-layout=\"responsive\" tabindex=\"0\" role=\"button\" aria-label=\"Bild\u00a028 von 34 im Vollbildmodus \u00f6ffnen\"\/><\/figure><\/div><\/div><div class=\"tiled-gallery__row\"><div class=\"tiled-gallery__col\" style=\"flex-basis:33.25163%\"><figure class=\"tiled-gallery__item\"><img decoding=\"async\" alt=\"(c) 2024 - Florian Windeck \/ B\u00fcrger f\u00fcr Kaltenweide e.V.\" data-height=\"1920\" data-id=\"8958\" data-link=\"https:\/\/www.buerger-fuer-kaltenweide.de\/img_6197\/\" data-url=\"https:\/\/www.buerger-fuer-kaltenweide.de\/wp-content\/uploads\/2024\/11\/IMG_6197-1024x768.jpeg\" data-width=\"2560\" src=\"https:\/\/i0.wp.com\/www.buerger-fuer-kaltenweide.de\/wp-content\/uploads\/2024\/11\/IMG_6197-1024x768.jpeg?ssl=1\" data-amp-layout=\"responsive\" tabindex=\"0\" role=\"button\" aria-label=\"Bild\u00a029 von 34 im Vollbildmodus \u00f6ffnen\"\/><\/figure><figure class=\"tiled-gallery__item\"><img decoding=\"async\" alt=\"(c) 2024 - Florian Windeck \/ B\u00fcrger f\u00fcr Kaltenweide e.V.\" data-height=\"1920\" data-id=\"8957\" data-link=\"https:\/\/www.buerger-fuer-kaltenweide.de\/img_6198\/\" data-url=\"https:\/\/www.buerger-fuer-kaltenweide.de\/wp-content\/uploads\/2024\/11\/IMG_6198-1024x768.jpeg\" data-width=\"2560\" src=\"https:\/\/i0.wp.com\/www.buerger-fuer-kaltenweide.de\/wp-content\/uploads\/2024\/11\/IMG_6198-1024x768.jpeg?ssl=1\" data-amp-layout=\"responsive\" tabindex=\"0\" role=\"button\" aria-label=\"Bild\u00a030 von 34 im Vollbildmodus \u00f6ffnen\"\/><\/figure><\/div><div class=\"tiled-gallery__col\" style=\"flex-basis:66.74837%\"><figure class=\"tiled-gallery__item\"><img decoding=\"async\" alt=\"(c) 2024 - Florian Windeck \/ B\u00fcrger f\u00fcr Kaltenweide e.V.\" data-height=\"1920\" data-id=\"8956\" data-link=\"https:\/\/www.buerger-fuer-kaltenweide.de\/img_6217\/\" data-url=\"https:\/\/www.buerger-fuer-kaltenweide.de\/wp-content\/uploads\/2024\/11\/IMG_6217-1024x768.jpeg\" data-width=\"2560\" src=\"https:\/\/i0.wp.com\/www.buerger-fuer-kaltenweide.de\/wp-content\/uploads\/2024\/11\/IMG_6217-1024x768.jpeg?ssl=1\" data-amp-layout=\"responsive\" tabindex=\"0\" role=\"button\" aria-label=\"Bild\u00a031 von 34 im Vollbildmodus \u00f6ffnen\"\/><\/figure><\/div><\/div><div class=\"tiled-gallery__row\"><div class=\"tiled-gallery__col\" style=\"flex-basis:39.00645%\"><figure class=\"tiled-gallery__item\"><img decoding=\"async\" alt=\"(c) 2024 - Florian Windeck \/ B\u00fcrger f\u00fcr Kaltenweide e.V.\" data-height=\"1200\" data-id=\"8955\" data-link=\"https:\/\/www.buerger-fuer-kaltenweide.de\/3c7ab569-ad96-49ef-97e3-12d14712dc31\/\" data-url=\"https:\/\/www.buerger-fuer-kaltenweide.de\/wp-content\/uploads\/2024\/11\/3c7ab569-ad96-49ef-97e3-12d14712dc31-1024x768.jpeg\" data-width=\"1600\" src=\"https:\/\/i0.wp.com\/www.buerger-fuer-kaltenweide.de\/wp-content\/uploads\/2024\/11\/3c7ab569-ad96-49ef-97e3-12d14712dc31-1024x768.jpeg?ssl=1\" data-amp-layout=\"responsive\" tabindex=\"0\" role=\"button\" aria-label=\"Bild\u00a032 von 34 im Vollbildmodus \u00f6ffnen\"\/><\/figure><\/div><div class=\"tiled-gallery__col\" style=\"flex-basis:21.98709%\"><figure class=\"tiled-gallery__item\"><img decoding=\"async\" alt=\"(c) 2024 \/ Alexandra Sadowski\" data-height=\"1600\" data-id=\"8997\" data-link=\"https:\/\/www.buerger-fuer-kaltenweide.de\/photo-2024-11-30-09-58-371\/\" data-url=\"https:\/\/www.buerger-fuer-kaltenweide.de\/wp-content\/uploads\/2024\/11\/PHOTO-2024-11-30-09-58-371-768x1024.jpg\" data-width=\"1200\" src=\"https:\/\/i0.wp.com\/www.buerger-fuer-kaltenweide.de\/wp-content\/uploads\/2024\/11\/PHOTO-2024-11-30-09-58-371-768x1024.jpg?ssl=1\" data-amp-layout=\"responsive\" tabindex=\"0\" role=\"button\" aria-label=\"Bild\u00a033 von 34 im Vollbildmodus \u00f6ffnen\"\/><\/figure><\/div><div class=\"tiled-gallery__col\" style=\"flex-basis:39.00645%\"><figure class=\"tiled-gallery__item\"><img decoding=\"async\" alt=\"(c) Jan Stanetzki \/ B\u00fcrger f\u00fcr Kaltenweide e.V.\" data-height=\"1920\" data-id=\"8996\" data-link=\"https:\/\/www.buerger-fuer-kaltenweide.de\/photo-2024-11-30-09-54-36\/\" data-url=\"https:\/\/www.buerger-fuer-kaltenweide.de\/wp-content\/uploads\/2024\/11\/PHOTO-2024-11-30-09-54-36-1024x768.jpg\" data-width=\"2560\" src=\"https:\/\/i0.wp.com\/www.buerger-fuer-kaltenweide.de\/wp-content\/uploads\/2024\/11\/PHOTO-2024-11-30-09-54-36-1024x768.jpg?ssl=1\" data-amp-layout=\"responsive\" tabindex=\"0\" role=\"button\" aria-label=\"Bild\u00a034 von 34 im Vollbildmodus \u00f6ffnen\"\/><\/figure><\/div><\/div><\/div><\/div><\/div>\n","protected":false},"excerpt":{"rendered":"<p>Der Adventszauber in Kaltenweide war ein voller Erfolg und ein wundersch\u00f6ner Auftakt in die Weihnachtszeit! Wir sind \u00fcberw\u00e4ltigt von der gro\u00dfen Resonanz und bedanken uns herzlich bei den zahlreichen Besucherinnen und Besuchern, die uns mit ihrer Anwesenheit \u00fcberrascht und begeistert<\/p>\n","protected":false},"author":1,"featured_media":19,"comment_status":"closed","ping_status":"open","sticky":false,"template":"","format":"standard","meta":{"footnotes":""},"categories":[27,17,18,20],"tags":[21,22,23,24,25,26],"class_list":["post-18","post","type-post","status-publish","format-standard","has-post-thumbnail","hentry","category-2024-adventszauber","category-adventszauber","category-aktuelles-aus-dem-bfk","category-veranstaltungen","tag-adventszauber","tag-adventszeit","tag-gemeinschaftsaktion","tag-margeritenhof","tag-treckerclub","tag-weihnachtsbaum"],"_links":{"self":[{"href":"https:\/\/www.buerger-fuer-kaltenweide.de\/adventszauber\/wp-json\/wp\/v2\/posts\/18","targetHints":{"allow":["GET"]}}],"collection":[{"href":"https:\/\/www.buerger-fuer-kaltenweide.de\/adventszauber\/wp-json\/wp\/v2\/posts"}],"about":[{"href":"https:\/\/www.buerger-fuer-kaltenweide.de\/adventszauber\/wp-json\/wp\/v2\/types\/post"}],"author":[{"embeddable":true,"href":"https:\/\/www.buerger-fuer-kaltenweide.de\/adventszauber\/wp-json\/wp\/v2\/users\/1"}],"replies":[{"embeddable":true,"href":"https:\/\/www.buerger-fuer-kaltenweide.de\/adventszauber\/wp-json\/wp\/v2\/comments?post=18"}],"version-history":[{"count":3,"href":"https:\/\/www.buerger-fuer-kaltenweide.de\/adventszauber\/wp-json\/wp\/v2\/posts\/18\/revisions"}],"predecessor-version":[{"id":22,"href":"https:\/\/www.buerger-fuer-kaltenweide.de\/adventszauber\/wp-json\/wp\/v2\/posts\/18\/revisions\/22"}],"wp:featuredmedia":[{"embeddable":true,"href":"https:\/\/www.buerger-fuer-kaltenweide.de\/adventszauber\/wp-json\/wp\/v2\/media\/19"}],"wp:attachment":[{"href":"https:\/\/www.buerger-fuer-kaltenweide.de\/adventszauber\/wp-json\/wp\/v2\/media?parent=18"}],"wp:term":[{"taxonomy":"category","embeddable":true,"href":"https:\/\/www.buerger-fuer-kaltenweide.de\/adventszauber\/wp-json\/wp\/v2\/categories?post=18"},{"taxonomy":"post_tag","embeddable":true,"href":"https:\/\/www.buerger-fuer-kaltenweide.de\/adventszauber\/wp-json\/wp\/v2\/tags?post=18"}],"curies":[{"name":"wp","href":"https:\/\/api.w.org\/{rel}","templated":true}]}}