{"id":24,"date":"2024-11-26T15:56:02","date_gmt":"2024-11-26T14:56:02","guid":{"rendered":"https:\/\/www.buerger-fuer-kaltenweide.de\/adventszauber\/2024\/11\/26\/der-weihnachtsbaum-steht-kaltenweide-bereitet-sich-auf-die-weihnachtszeit-vor\/"},"modified":"2024-11-26T15:56:02","modified_gmt":"2024-11-26T14:56:02","slug":"der-weihnachtsbaum-steht-kaltenweide-bereitet-sich-auf-die-weihnachtszeit-vor","status":"publish","type":"post","link":"https:\/\/www.buerger-fuer-kaltenweide.de\/adventszauber\/2024\/11\/26\/der-weihnachtsbaum-steht-kaltenweide-bereitet-sich-auf-die-weihnachtszeit-vor\/","title":{"rendered":"Der Weihnachtsbaum steht \u2013 Kaltenweide bereitet sich auf die Weihnachtszeit vor"},"content":{"rendered":"\n<h6 class=\"wp-block-heading\">Dank der gro\u00dfartigen Unterst\u00fctzung der\u00a0<strong>Freiwilligen Feuerwehr Kaltenweide<\/strong> und <strong>Lutz Re\u00dfmeyer<\/strong>\u00a0vo<strong>n Bulle Bock Eber<\/strong>\u00a0wurde heute der Weihnachtsbaum auf dem Kaltenweider Platz aufgestellt \u2013 ein Symbol f\u00fcr die bevorstehende Adventszeit und den Zusammenhalt in unserem Ort<\/h6>\n\n\n\n<!--more-->\n\n\n\n<h6 class=\"wp-block-heading\">Eine Gemeinschaftsleistung<\/h6>\n\n\n\n<p>Bevor der Baum aufgestellt werden konnte, musste er zun\u00e4chst gef\u00e4llt werden \u2013 eine Aufgabe, die die Kameraden der Freiwilligen Feuerwehr routiniert und professionell meisterten. Anschlie\u00dfend wurde der Baum auf einen H\u00e4nger verladen und von Lutz Re\u00dfmeyer sicher zum Kaltenweider Platz transportiert. Dort wurde er mit vereinten Kr\u00e4ften aufgerichtet, in die vorgesehene Bodenh\u00fclse gehoben und mit Keilen stabilisiert.<\/p>\n\n\n\n<p>F\u00fcr die tatkr\u00e4ftigen Helferinnen und Helfer gab es dann eine willkommene St\u00e4rkung: Die&nbsp;<strong>Leitung des Alten- &amp; Pflegeheims Margeritenhof<\/strong>, einer der Mitinitiatoren der Aktion, versorgte alle mit hei\u00dfem Kaffee und \u2013 passend zur Jahreszeit \u2013 Schokoladen-Weihnachtsm\u00e4nnern.<\/p>\n\n\n\n<h4 class=\"wp-block-heading\">Ab Freitag erstrahlt der Baum in festlichem Glanz<\/h4>\n\n\n\n<p>Nach der Aufstellung ging es an den Feinschliff: Mitglieder des Vereins&nbsp;<strong>B\u00dcRGER F\u00dcR KALTENWEIDE e.V.<\/strong>&nbsp;brachten mit Unterst\u00fctzung eines von Lutz Re\u00dfmeyer bereitgestellten Hubsteigers die Lichterkette mit ihren 200 LED-Lampen an. Zudem wurde bereits erste weihnachtliche Dekoration angebracht.<\/p>\n\n\n\n<h6 class=\"wp-block-heading\">Einladung zum Anleuchten des Weihnachtsbaums<\/h6>\n\n\n\n<p>Das feierliche&nbsp;<strong>Anleuchten des Weihnachtsbaums<\/strong>&nbsp;findet am&nbsp;<strong>Freitag, den 29.11.2024<\/strong>, von&nbsp;<strong>15:30 Uhr bis 19:30 Uhr<\/strong> beim <strong>Adventszauber Kaltenweide<\/strong> statt. Alle sind herzlich eingeladen, gemeinsam diesen besonderen Moment zu erleben und in vorweihnachtliche Stimmung einzutauchen.<\/p>\n\n\n\n<h6 class=\"wp-block-heading\">Herzlicher Dank an alle Unterst\u00fctzer<\/h6>\n\n\n\n<p>Ein gro\u00dfes Dankesch\u00f6n gilt nicht nur der Freiwilligen Feuerwehr und Lutz Re\u00dfmeyer, sondern auch dem&nbsp;<strong>Ortsrat Kaltenweide<\/strong>&nbsp;sowie der<strong> Interessengemeinschaft Weiherfeld\/Kaltenweide<\/strong>, die durch ihre finanzielle Unterst\u00fctzung den Kauf des Baumes, den Transport und die Anschaffung der Lichterkette erm\u00f6glicht haben.<\/p>\n\n\n\n<p>Wir freuen uns auf eine besinnliche Adventszeit und hoffen, viele von Ihnen beim Anleuchten des Weihnachtsbaums begr\u00fc\u00dfen zu d\u00fcrfen!&nbsp;<\/p>\n\n\n\n<p><\/p>\n\n\n\n<p><\/p>\n\n\n\n<p><\/p>\n\n\n\n<p><\/p>\n\n\n\n<p><\/p>\n\n\n\n<p><\/p>\n\n\n\n<h6 class=\"wp-block-heading\">Mit vereinten Kr\u00e4ften und tatkr\u00e4ftiger Unterst\u00fctzung konnte heute der Weihnachtsbaum auf dem Kaltenweider Platz aufgestellt werden. Ein gro\u00dfes Dankesch\u00f6n geht an die&nbsp;<strong>Freiwillige Feuerwehr Kaltenweide<\/strong>&nbsp;sowie <strong>Lutz Re\u00dfmeyer<\/strong>&nbsp;vom&nbsp;<strong>Kaltenweider Bio-Hofladen Bulle Bock Eber<\/strong>, die dieses vorweihnachtliche Highlight m\u00f6glich gemacht haben.<\/h6>\n\n\n\n<p>Die Aktion begann mit dem F\u00e4llen des Baumes, das von den Kameraden der Freiwilligen Feuerwehr professionell durchgef\u00fchrt wurde. Im Anschluss sorgte Lutz Re\u00dfmeyer daf\u00fcr, dass der Baum sicher auf einen H\u00e4nger verladen und zum Kaltenweider Platz transportiert wurde.<\/p>\n\n\n\n<p>Dort angekommen, wurde der Baum gemeinschaftlich aufgerichtet, in die Bodenh\u00fclse eingesetzt und mit Keilen stabilisiert. Doch damit nicht genug: Mit Hilfe des von Lutz Re\u00dfmeyer bereitgestellten Hubsteigers wurde die Lichterkette mit ihren 200 LED-Lampen angebracht und erste weihnachtliche Dekoration hinzugef\u00fcgt.<\/p>\n\n\n\n<p>Der festlich geschm\u00fcckte Baum bringt nun weihnachtliche Stimmung nach Kaltenweide und l\u00e4dt Gro\u00df und Klein zum Verweilen ein. Herzlichen Dank an alle, die bei dieser Aktion mitgewirkt haben!<\/p>\n\n\n\n<p>Wir freuen uns auf die Weihnachtszeit \u2013 und nat\u00fcrlich auf weitere Dekorationen, durch Sch\u00fclerinnern und Sch\u00fcler der Grundschule Kaltenweide sowie Kinder der DRK-KiTa-Weiherfeld  diie den Baum in den kommenden Tagen noch festlicher machen werden.<\/p>\n\n\n\n<figure class=\"wp-block-gallery has-nested-images columns-default is-cropped wp-block-gallery-1 is-layout-flex wp-block-gallery-is-layout-flex\">\n<figure class=\"wp-block-image size-large\"><img decoding=\"async\" data-id=\"8920\" src=\"https:\/\/www.buerger-fuer-kaltenweide.de\/wp-content\/uploads\/2024\/11\/IMG_6060-1024x768.jpeg\" alt=\"\" class=\"wp-image-8920\"\/><\/figure>\n\n\n\n<figure class=\"wp-block-image size-large\"><img decoding=\"async\" data-id=\"8919\" src=\"https:\/\/www.buerger-fuer-kaltenweide.de\/wp-content\/uploads\/2024\/11\/IMG_6066-1024x768.jpeg\" alt=\"\" class=\"wp-image-8919\"\/><\/figure>\n\n\n\n<figure class=\"wp-block-image size-large\"><img decoding=\"async\" data-id=\"8918\" src=\"https:\/\/www.buerger-fuer-kaltenweide.de\/wp-content\/uploads\/2024\/11\/IMG_6071-1024x768.jpeg\" alt=\"\" class=\"wp-image-8918\"\/><\/figure>\n\n\n\n<figure class=\"wp-block-image size-large\"><img decoding=\"async\" data-id=\"8917\" src=\"https:\/\/www.buerger-fuer-kaltenweide.de\/wp-content\/uploads\/2024\/11\/IMG_6073-1024x768.jpeg\" alt=\"\" class=\"wp-image-8917\"\/><\/figure>\n\n\n\n<figure class=\"wp-block-image size-large\"><img decoding=\"async\" data-id=\"8916\" src=\"https:\/\/www.buerger-fuer-kaltenweide.de\/wp-content\/uploads\/2024\/11\/IMG_6075-1024x768.jpeg\" alt=\"\" class=\"wp-image-8916\"\/><\/figure>\n\n\n\n<figure class=\"wp-block-image size-large\"><img decoding=\"async\" data-id=\"8915\" src=\"https:\/\/www.buerger-fuer-kaltenweide.de\/wp-content\/uploads\/2024\/11\/IMG_6083-1024x768.jpeg\" alt=\"\" class=\"wp-image-8915\"\/><\/figure>\n\n\n\n<figure class=\"wp-block-image size-large\"><img decoding=\"async\" data-id=\"8914\" src=\"https:\/\/www.buerger-fuer-kaltenweide.de\/wp-content\/uploads\/2024\/11\/IMG_6086-1024x768.jpeg\" alt=\"\" class=\"wp-image-8914\"\/><\/figure>\n\n\n\n<figure class=\"wp-block-image size-large\"><img decoding=\"async\" data-id=\"8913\" src=\"https:\/\/www.buerger-fuer-kaltenweide.de\/wp-content\/uploads\/2024\/11\/IMG_6090-1024x768.jpeg\" alt=\"\" class=\"wp-image-8913\"\/><\/figure>\n\n\n\n<figure class=\"wp-block-image size-large\"><img decoding=\"async\" data-id=\"8912\" src=\"https:\/\/www.buerger-fuer-kaltenweide.de\/wp-content\/uploads\/2024\/11\/IMG_6092-1024x768.jpeg\" alt=\"\" class=\"wp-image-8912\"\/><\/figure>\n\n\n\n<figure class=\"wp-block-image size-large\"><img decoding=\"async\" data-id=\"8911\" src=\"https:\/\/www.buerger-fuer-kaltenweide.de\/wp-content\/uploads\/2024\/11\/IMG_6095-1024x768.jpeg\" alt=\"\" class=\"wp-image-8911\"\/><\/figure>\n\n\n\n<figure class=\"wp-block-image size-large\"><img decoding=\"async\" data-id=\"25\" src=\"https:\/\/www.buerger-fuer-kaltenweide.de\/adventszauber\/wp-content\/uploads\/sites\/14\/2025\/03\/IMG_6098-1024x768.jpeg\" alt=\"\" class=\"wp-image-25\"\/><\/figure>\n<\/figure>\n","protected":false},"excerpt":{"rendered":"<p>Dank der gro\u00dfartigen Unterst\u00fctzung der\u00a0Freiwilligen Feuerwehr Kaltenweide und Lutz Re\u00dfmeyer\u00a0von Bulle Bock Eber\u00a0wurde heute der Weihnachtsbaum auf dem Kaltenweider Platz aufgestellt \u2013 ein Symbol f\u00fcr die bevorstehende Adventszeit und den Zusammenhalt in unserem Ort<\/p>\n","protected":false},"author":1,"featured_media":25,"comment_status":"closed","ping_status":"open","sticky":false,"template":"","format":"standard","meta":{"footnotes":""},"categories":[27,17,18,20],"tags":[22,28,23,29,24,26,30],"class_list":["post-24","post","type-post","status-publish","format-standard","has-post-thumbnail","hentry","category-2024-adventszauber","category-adventszauber","category-aktuelles-aus-dem-bfk","category-veranstaltungen","tag-adventszeit","tag-freiwillige-feuerwehr-kaltenweide","tag-gemeinschaftsaktion","tag-hofladen-bulle-bock-eber","tag-margeritenhof","tag-weihnachtsbaum","tag-weihnachtsdekoration"],"_links":{"self":[{"href":"https:\/\/www.buerger-fuer-kaltenweide.de\/adventszauber\/wp-json\/wp\/v2\/posts\/24","targetHints":{"allow":["GET"]}}],"collection":[{"href":"https:\/\/www.buerger-fuer-kaltenweide.de\/adventszauber\/wp-json\/wp\/v2\/posts"}],"about":[{"href":"https:\/\/www.buerger-fuer-kaltenweide.de\/adventszauber\/wp-json\/wp\/v2\/types\/post"}],"author":[{"embeddable":true,"href":"https:\/\/www.buerger-fuer-kaltenweide.de\/adventszauber\/wp-json\/wp\/v2\/users\/1"}],"replies":[{"embeddable":true,"href":"https:\/\/www.buerger-fuer-kaltenweide.de\/adventszauber\/wp-json\/wp\/v2\/comments?post=24"}],"version-history":[{"count":1,"href":"https:\/\/www.buerger-fuer-kaltenweide.de\/adventszauber\/wp-json\/wp\/v2\/posts\/24\/revisions"}],"predecessor-version":[{"id":26,"href":"https:\/\/www.buerger-fuer-kaltenweide.de\/adventszauber\/wp-json\/wp\/v2\/posts\/24\/revisions\/26"}],"wp:featuredmedia":[{"embeddable":true,"href":"https:\/\/www.buerger-fuer-kaltenweide.de\/adventszauber\/wp-json\/wp\/v2\/media\/25"}],"wp:attachment":[{"href":"https:\/\/www.buerger-fuer-kaltenweide.de\/adventszauber\/wp-json\/wp\/v2\/media?parent=24"}],"wp:term":[{"taxonomy":"category","embeddable":true,"href":"https:\/\/www.buerger-fuer-kaltenweide.de\/adventszauber\/wp-json\/wp\/v2\/categories?post=24"},{"taxonomy":"post_tag","embeddable":true,"href":"https:\/\/www.buerger-fuer-kaltenweide.de\/adventszauber\/wp-json\/wp\/v2\/tags?post=24"}],"curies":[{"name":"wp","href":"https:\/\/api.w.org\/{rel}","templated":true}]}}