{"id":27,"date":"2024-10-27T15:59:52","date_gmt":"2024-10-27T14:59:52","guid":{"rendered":"https:\/\/www.buerger-fuer-kaltenweide.de\/adventszauber\/2024\/10\/27\/weihnachtlicher-glanz-fuer-den-kaltenweider-platz\/"},"modified":"2025-03-24T12:21:42","modified_gmt":"2025-03-24T11:21:42","slug":"weihnachtlicher-glanz-fuer-den-kaltenweider-platz","status":"publish","type":"post","link":"https:\/\/www.buerger-fuer-kaltenweide.de\/adventszauber\/2024\/10\/27\/weihnachtlicher-glanz-fuer-den-kaltenweider-platz\/","title":{"rendered":"Weihnachtlicher Glanz f\u00fcr den Kaltenweider Platz"},"content":{"rendered":"\n<p>In diesem Jahr wird der Kaltenweider Platz mit weihnachtlichem Glanz erf\u00fcllt. Ein beleuchteter Tannenbaum soll die sonst so trist wirkende Fl\u00e4che in ein festliches Licht tauchen. Das festlichen Anleuchten und das Schm\u00fccken des Baumes findet am 29. November 2024 in der Zeit von 15:30 bis 18:30 Uhr statt. Kaltenweiderinnen und Kaltenweider sind herzlich eingeladen mit ihrer Teilnahme die Adventszeit einzul\u00e4uten.<\/p>\n\n\n\n<!--more-->\n\n\n<div class=\"wp-block-image\">\n<figure class=\"alignright size-large is-resized\"><img decoding=\"async\" src=\"https:\/\/www.buerger-fuer-kaltenweide.de\/wp-content\/uploads\/2024\/09\/2021_11_weihnachtsbaum_zellerie-768x1024.jpg\" alt=\"(c) 2021 - Florian Windeck \/ OAG\" class=\"wp-image-8015\" style=\"width:300px\"\/><figcaption class=\"wp-element-caption\">Symbolfoto &#8211; (c) Florian Windeck\/BfK<\/figcaption><\/figure>\n<\/div>\n\n\n<p>Beim Anleuchten wird der Kaltenweider Platz nicht nur in einem weihnachtlichen Lichterglanz erstrahlen, sondern auch mit einem leckeren, verlockenden Duft \u00fcberzogen. Gl\u00fchwein, Punsch, heisse Waffeln, Bratw\u00fcrste und hei\u00dfer Kakao werden an alle Teilnehmerinnen und Teilnehmer sowie G\u00e4ste gegen eine Spende ausgegeben.<\/p>\n\n\n\n<p>Im Mittelpunkt dieser Veranstaltung an diesem Nachmittag stehen die Bewohnerinnen und Bewohner des Alten- &amp; Pflegeheims Margeritenhof am Kaltenweider Platz. Sie schauen zur Weihnachtszeit auf einen nicht festlichen Platz und k\u00f6nnen aus gesundheitlichen Gr\u00fcnden den Kaltenweider Weihnachtsmarkt nicht besuchen. Also bringen wir ihnen ein St\u00fcck Adventsstimmung und weihnachtlichen Lichterglanz zu ihnen.<\/p>\n\n\n\n<p>Diese Aktion ist nur m\u00f6glich, da sich zahlreiche Kaltenweider Vereine, Einrichtungen und Institutionen der Initiative von Alten- &amp; Pflegeheim Margeritenhof und dem Verein B\u00dcRGER F\u00dcR KALTENWEIDE e.V. angeschlossen haben, sich tatkr\u00e4ftig bei der Umsetzung einbringen und zum Gelingen des ersten Adventszaubers auf dem Kaltenweider Platz beitragen wollen.<\/p>\n\n\n\n<h6 class=\"wp-block-heading\">Unterst\u00fctzende Vereine &amp; Institutionen<\/h6>\n\n\n\n<figure class=\"wp-block-table\"><table class=\"has-fixed-layout\"><tbody><tr><td>B\u00fcrger f\u00fcr Kaltenweide e.V.<\/td><td>Gesamtorganisation<\/td><\/tr><tr><td>Deutsches Rotes Kreuz &#8211; Ortsverband Kr\u00e4henwinkel\/Kaltenweide \/ Jugendrotkreuz<\/td><td>Puffer mit Apfelmus &amp; Zucker \/ Kinderanimation<\/td><\/tr><tr><td>DRK  KiTa Kaltenweide<\/td><td>selbstgebastelter Baumschmuck<\/td><\/tr><tr><td>Ev. Matthias-Claudius-Kirchengemeinde Kaltenweide-Kr\u00e4henwinkel<\/td><td>Posaunenchor<\/td><\/tr><tr><td>F\u00f6rderverein der Grundschule Kaltenweide e.V.<\/td><td>Bratw\u00fcrste<\/td><\/tr><tr><td>Freiwillige Feuerwehr Kaltenweide \/ Jugendfeuerwehr Kaltenweide<\/td><td>Gl\u00fchwein und alkoholfrei Hei\u00dfgetr\u00e4nke<\/td><\/tr><tr><td>Grundschule Kaltenweide<\/td><td>Baumschmuck (selbstgebastelt)<\/td><\/tr><tr><td>Interessengemeinschaft Weiherfeld\/Kaltenweide<\/td><td>Finanzierung der Lichterkette<\/td><\/tr><tr><td>Kinderhaus Kaltenweide<\/td><td>Heisse Waffeln<\/td><\/tr><tr><td>Margeritenhof<\/td><td>Kakao &amp; Kartoffelsalat, Popcorn<\/td><\/tr><\/tbody><\/table><\/figure>\n\n\n\n<p><\/p>\n","protected":false},"excerpt":{"rendered":"<p>In diesem Jahr wird der Kaltenweider Platz mit weihnachtlichem Glanz erf\u00fcllt. Ein beleuchteter Tannenbaum soll die sonst so trist wirkende Fl\u00e4che in ein festliches Licht tauchen. Das festlichen Anleuchten und das Schm\u00fccken des Baumes findet am 29. November 2024 in<\/p>\n","protected":false},"author":1,"featured_media":0,"comment_status":"closed","ping_status":"open","sticky":false,"template":"","format":"standard","meta":{"footnotes":""},"categories":[27,17,18,20],"tags":[31,32,33,34,35,24,36,37,38],"class_list":["post-27","post","type-post","status-publish","format-standard","hentry","category-2024-adventszauber","category-adventszauber","category-aktuelles-aus-dem-bfk","category-veranstaltungen","tag-foerderverein","tag-grundschule","tag-jugendfeuerwehr","tag-jugendrotkreuz","tag-kinderhaus","tag-margeritenhof","tag-matthias-claudius-kirchengemeinde","tag-ortsrat","tag-weihnachten"],"_links":{"self":[{"href":"https:\/\/www.buerger-fuer-kaltenweide.de\/adventszauber\/wp-json\/wp\/v2\/posts\/27","targetHints":{"allow":["GET"]}}],"collection":[{"href":"https:\/\/www.buerger-fuer-kaltenweide.de\/adventszauber\/wp-json\/wp\/v2\/posts"}],"about":[{"href":"https:\/\/www.buerger-fuer-kaltenweide.de\/adventszauber\/wp-json\/wp\/v2\/types\/post"}],"author":[{"embeddable":true,"href":"https:\/\/www.buerger-fuer-kaltenweide.de\/adventszauber\/wp-json\/wp\/v2\/users\/1"}],"replies":[{"embeddable":true,"href":"https:\/\/www.buerger-fuer-kaltenweide.de\/adventszauber\/wp-json\/wp\/v2\/comments?post=27"}],"version-history":[{"count":0,"href":"https:\/\/www.buerger-fuer-kaltenweide.de\/adventszauber\/wp-json\/wp\/v2\/posts\/27\/revisions"}],"wp:attachment":[{"href":"https:\/\/www.buerger-fuer-kaltenweide.de\/adventszauber\/wp-json\/wp\/v2\/media?parent=27"}],"wp:term":[{"taxonomy":"category","embeddable":true,"href":"https:\/\/www.buerger-fuer-kaltenweide.de\/adventszauber\/wp-json\/wp\/v2\/categories?post=27"},{"taxonomy":"post_tag","embeddable":true,"href":"https:\/\/www.buerger-fuer-kaltenweide.de\/adventszauber\/wp-json\/wp\/v2\/tags?post=27"}],"curies":[{"name":"wp","href":"https:\/\/api.w.org\/{rel}","templated":true}]}}