{"id":84,"date":"2025-10-12T21:44:12","date_gmt":"2025-10-12T19:44:12","guid":{"rendered":"https:\/\/www.buerger-fuer-kaltenweide.de\/adventszauber\/2025\/10\/12\/adventszauber-auf-dem-kaltenweider-platz-geht-in-die-zweite-runde\/"},"modified":"2025-10-12T21:44:12","modified_gmt":"2025-10-12T19:44:12","slug":"adventszauber-auf-dem-kaltenweider-platz-geht-in-die-zweite-runde","status":"publish","type":"post","link":"https:\/\/www.buerger-fuer-kaltenweide.de\/adventszauber\/2025\/10\/12\/adventszauber-auf-dem-kaltenweider-platz-geht-in-die-zweite-runde\/","title":{"rendered":"Adventszauber auf dem Kaltenweider Platz geht in die zweite Runde"},"content":{"rendered":"\n<p>Nach der \u00fcberw\u00e4ltigenden Resonanz im vergangenen Jahr freuen wir uns, dass der\u00a0<strong>Adventszauber auf dem Kaltenweider Platz<\/strong>\u00a0auch 2025 wieder stattfinden wird! Der festlich geschm\u00fcckte Weihnachtsbaum, der im letzten Jahr so viele Herzen ber\u00fchrt hat, wird auch in diesem Jahr den Platz in ein strahlendes Lichtermeer verwandeln.<\/p>\n\n\n\n<!--more-->\n\n\n<div class=\"wp-block-image\">\n<figure class=\"alignright size-full is-resized\"><img loading=\"lazy\" decoding=\"async\" width=\"940\" height=\"788\" src=\"https:\/\/www.buerger-fuer-kaltenweide.de\/adventszauber\/wp-content\/uploads\/sites\/14\/2025\/11\/Weihnachten-in-Kaltenweide.jpg\" alt=\"\" class=\"wp-image-85\" style=\"width:350px\" srcset=\"https:\/\/www.buerger-fuer-kaltenweide.de\/adventszauber\/wp-content\/uploads\/sites\/14\/2025\/11\/Weihnachten-in-Kaltenweide.jpg 940w, https:\/\/www.buerger-fuer-kaltenweide.de\/adventszauber\/wp-content\/uploads\/sites\/14\/2025\/11\/Weihnachten-in-Kaltenweide-300x251.jpg 300w, https:\/\/www.buerger-fuer-kaltenweide.de\/adventszauber\/wp-content\/uploads\/sites\/14\/2025\/11\/Weihnachten-in-Kaltenweide-768x644.jpg 768w, https:\/\/www.buerger-fuer-kaltenweide.de\/adventszauber\/wp-content\/uploads\/sites\/14\/2025\/11\/Weihnachten-in-Kaltenweide-600x503.jpg 600w\" sizes=\"auto, (max-width: 940px) 100vw, 940px\" \/><\/figure>\n<\/div>\n\n\n<p>Das feierliche&nbsp;<strong>Anleuchten und Schm\u00fccken des Baumes<\/strong>&nbsp;findet am&nbsp;<strong>Freitag, den 28. November 2025<\/strong>, in der Zeit von&nbsp;<strong>15:30 bis 18:30 Uhr<\/strong>&nbsp;statt. Alle Kaltenweiderinnen und Kaltenweider sind herzlich eingeladen, gemeinsam die Adventszeit einzul\u00e4uten und den Platz mit Leben, Licht und Freude zu f\u00fcllen.<\/p>\n\n\n\n<p>Wie im vergangenen Jahr d\u00fcrfen sich Besucherinnen und Besucher auf&nbsp;<strong>Gl\u00fchwein, Punsch, hei\u00dfe Waffeln, Bratw\u00fcrste und Kakao<\/strong>&nbsp;freuen \u2013 alles gegen eine kleine Spende. Der verlockende Duft und die stimmungsvolle Beleuchtung werden den Kaltenweider Platz erneut in eine festliche Atmosph\u00e4re tauchen.<\/p>\n\n\n\n<p>Im Mittelpunkt stehen wieder die&nbsp;<strong>Bewohnerinnen und Bewohner des Alten- &amp; Pflegeheims Margeritenhof<\/strong>, die durch diese Aktion die Adventsstimmung direkt vor ihrer T\u00fcr erleben k\u00f6nnen. So bringen wir ihnen ein St\u00fcck Weihnachtsfreude und Lichterglanz \u2013 ganz ohne weite Wege.<\/p>\n\n\n\n<p>Der Weihnachtsbaum kommt \u2013 wie im vergangenen Jahr \u2013\u00a0aus Kaltenweide und symbolisch f\u00fcr das starke Miteinander in unserer Gemeinschaft stehen.<\/p>\n\n\n\n<p>Diese sch\u00f6ne Tradition ist nur durch das Engagement vieler m\u00f6glich: Zahlreiche\u00a0<strong>Kaltenweider Vereine, Einrichtungen und Institutionen<\/strong>\u00a0unterst\u00fctzen tatkr\u00e4ftig und tragen so zum Gelingen des zweiten Adventszaubers bei.<\/p>\n\n\n\n<p>Wir freuen uns auf einen weiteren zauberhaften Nachmittag voller Lichter, Begegnungen und weihnachtlicher Vorfreude!<\/p>\n","protected":false},"excerpt":{"rendered":"<p>Nach der \u00fcberw\u00e4ltigenden Resonanz im vergangenen Jahr freuen wir uns, dass der\u00a0Adventszauber auf dem Kaltenweider Platz\u00a0auch 2025 wieder stattfinden wird! Der festlich geschm\u00fcckte Weihnachtsbaum, der im letzten Jahr so viele Herzen ber\u00fchrt hat, wird auch in diesem Jahr den Platz<\/p>\n","protected":false},"author":1,"featured_media":16,"comment_status":"closed","ping_status":"open","sticky":false,"template":"","format":"standard","meta":{"footnotes":""},"categories":[39,17,18,20],"tags":[21],"class_list":["post-84","post","type-post","status-publish","format-standard","has-post-thumbnail","hentry","category-2025-adventszauber","category-adventszauber","category-aktuelles-aus-dem-bfk","category-veranstaltungen","tag-adventszauber"],"_links":{"self":[{"href":"https:\/\/www.buerger-fuer-kaltenweide.de\/adventszauber\/wp-json\/wp\/v2\/posts\/84","targetHints":{"allow":["GET"]}}],"collection":[{"href":"https:\/\/www.buerger-fuer-kaltenweide.de\/adventszauber\/wp-json\/wp\/v2\/posts"}],"about":[{"href":"https:\/\/www.buerger-fuer-kaltenweide.de\/adventszauber\/wp-json\/wp\/v2\/types\/post"}],"author":[{"embeddable":true,"href":"https:\/\/www.buerger-fuer-kaltenweide.de\/adventszauber\/wp-json\/wp\/v2\/users\/1"}],"replies":[{"embeddable":true,"href":"https:\/\/www.buerger-fuer-kaltenweide.de\/adventszauber\/wp-json\/wp\/v2\/comments?post=84"}],"version-history":[{"count":1,"href":"https:\/\/www.buerger-fuer-kaltenweide.de\/adventszauber\/wp-json\/wp\/v2\/posts\/84\/revisions"}],"predecessor-version":[{"id":86,"href":"https:\/\/www.buerger-fuer-kaltenweide.de\/adventszauber\/wp-json\/wp\/v2\/posts\/84\/revisions\/86"}],"wp:featuredmedia":[{"embeddable":true,"href":"https:\/\/www.buerger-fuer-kaltenweide.de\/adventszauber\/wp-json\/wp\/v2\/media\/16"}],"wp:attachment":[{"href":"https:\/\/www.buerger-fuer-kaltenweide.de\/adventszauber\/wp-json\/wp\/v2\/media?parent=84"}],"wp:term":[{"taxonomy":"category","embeddable":true,"href":"https:\/\/www.buerger-fuer-kaltenweide.de\/adventszauber\/wp-json\/wp\/v2\/categories?post=84"},{"taxonomy":"post_tag","embeddable":true,"href":"https:\/\/www.buerger-fuer-kaltenweide.de\/adventszauber\/wp-json\/wp\/v2\/tags?post=84"}],"curies":[{"name":"wp","href":"https:\/\/api.w.org\/{rel}","templated":true}]}}