{"id":87,"date":"2025-11-13T22:28:50","date_gmt":"2025-11-13T21:28:50","guid":{"rendered":"https:\/\/www.buerger-fuer-kaltenweide.de\/adventszauber\/2025\/11\/13\/leckere-bratwurst-fuer-einen-guten-zweck-der-foerderverein-beim-adventszauber-2025\/"},"modified":"2025-11-13T22:28:50","modified_gmt":"2025-11-13T21:28:50","slug":"leckere-bratwurst-fuer-einen-guten-zweck-der-foerderverein-beim-adventszauber-2025","status":"publish","type":"post","link":"https:\/\/www.buerger-fuer-kaltenweide.de\/adventszauber\/2025\/11\/13\/leckere-bratwurst-fuer-einen-guten-zweck-der-foerderverein-beim-adventszauber-2025\/","title":{"rendered":"Leckere Bratwurst f\u00fcr einen guten Zweck: Der F\u00f6rderverein beim Adventszauber 2025"},"content":{"rendered":"\n<p>Auch in diesem Jahr ist der <a href=\"https:\/\/www.buerger-fuer-kaltenweide.de\/ttav\">F\u00f6rderverein der Grundschule Kaltenweide e.V. <\/a>wieder fester Bestandteil unseres Adventszaubers \u2013 und bringt den Grillstand gleich mit! Schon im vergangenen Jahr war er einer der absoluten Publikumslieblinge: Mit viel Herz, Teamgeist und jeder Menge guter Laune wird gegrillt, angepackt und f\u00fcr eine fr\u00f6hliche Stimmung gesorgt.<\/p>\n\n\n\n<!--more-->\n\n\n<div class=\"wp-block-image\">\n<figure class=\"alignright size-full is-resized\"><img loading=\"lazy\" decoding=\"async\" width=\"2560\" height=\"1920\" src=\"https:\/\/www.buerger-fuer-kaltenweide.de\/wp-content\/uploads\/2025\/11\/2024_11_28_-_forderverein_beim_adventszauber-scaled.jpeg\" alt=\"(c) 2024 - BfK e.V. \/ Florian Windeck\" class=\"wp-image-88\" style=\"width:350px\" srcset=\"https:\/\/www.buerger-fuer-kaltenweide.de\/adventszauber\/wp-content\/uploads\/sites\/14\/2025\/11\/2024_11_28_-_forderverein_beim_adventszauber-scaled.jpeg 2560w, https:\/\/www.buerger-fuer-kaltenweide.de\/adventszauber\/wp-content\/uploads\/sites\/14\/2025\/11\/2024_11_28_-_forderverein_beim_adventszauber-scaled-300x225.jpeg 300w, https:\/\/www.buerger-fuer-kaltenweide.de\/adventszauber\/wp-content\/uploads\/sites\/14\/2025\/11\/2024_11_28_-_forderverein_beim_adventszauber-scaled-1024x768.jpeg 1024w, https:\/\/www.buerger-fuer-kaltenweide.de\/adventszauber\/wp-content\/uploads\/sites\/14\/2025\/11\/2024_11_28_-_forderverein_beim_adventszauber-scaled-768x576.jpeg 768w, https:\/\/www.buerger-fuer-kaltenweide.de\/adventszauber\/wp-content\/uploads\/sites\/14\/2025\/11\/2024_11_28_-_forderverein_beim_adventszauber-scaled-1536x1152.jpeg 1536w, https:\/\/www.buerger-fuer-kaltenweide.de\/adventszauber\/wp-content\/uploads\/sites\/14\/2025\/11\/2024_11_28_-_forderverein_beim_adventszauber-scaled-2048x1536.jpeg 2048w, https:\/\/www.buerger-fuer-kaltenweide.de\/adventszauber\/wp-content\/uploads\/sites\/14\/2025\/11\/2024_11_28_-_forderverein_beim_adventszauber-scaled-320x240.jpeg 320w, https:\/\/www.buerger-fuer-kaltenweide.de\/adventszauber\/wp-content\/uploads\/sites\/14\/2025\/11\/2024_11_28_-_forderverein_beim_adventszauber-scaled-600x450.jpeg 600w, https:\/\/www.buerger-fuer-kaltenweide.de\/adventszauber\/wp-content\/uploads\/sites\/14\/2025\/11\/2024_11_28_-_forderverein_beim_adventszauber-scaled-1320x990.jpeg 1320w\" sizes=\"auto, (max-width: 2560px) 100vw, 2560px\" \/><figcaption class=\"wp-element-caption\">Der F\u00f6rderverein der Grundschule Kaltenweide e.V. beim Adventszauber 2025<\/figcaption><\/figure>\n<\/div>\n\n\n<p>Das Beste daran: Alle Spenden vom Grillstand kommen direkt den Projekten und Aktionen der Grundschule zugute. Jede Bratwurst, die \u00fcber den Grill wandert, unterst\u00fctzt also unsere Sch\u00fclerinnen und Sch\u00fcler \u2013 und damit die ganze Gemeinschaft.<\/p>\n\n\n\n<p>Wir sagen schon jetzt ein riesiges Dankesch\u00f6n an den F\u00f6rderverein f\u00fcr dieses gro\u00dfartige Engagement und freuen uns auf einen warmen, fr\u00f6hlichen und gemeinschaftlichen Adventszauber 2025.<\/p>\n\n\n\n<p>Also:\u00a0<strong>Merkt euch den 28. November 2025 \u2013 wir sehen uns auf dem Kaltenweider Platz!<\/strong><\/p>\n","protected":false},"excerpt":{"rendered":"<p>Auch in diesem Jahr ist der F\u00f6rderverein der Grundschule Kaltenweide e.V. wieder fester Bestandteil unseres Adventszaubers \u2013 und bringt den Grillstand gleich mit! Schon im vergangenen Jahr war er einer der absoluten Publikumslieblinge: Mit viel Herz, Teamgeist und jeder Menge<\/p>\n","protected":false},"author":1,"featured_media":88,"comment_status":"closed","ping_status":"open","sticky":false,"template":"","format":"standard","meta":{"footnotes":""},"categories":[39,17,18,20],"tags":[40,21,22,31],"class_list":["post-87","post","type-post","status-publish","format-standard","has-post-thumbnail","hentry","category-2025-adventszauber","category-adventszauber","category-aktuelles-aus-dem-bfk","category-veranstaltungen","tag-advent","tag-adventszauber","tag-adventszeit","tag-foerderverein"],"_links":{"self":[{"href":"https:\/\/www.buerger-fuer-kaltenweide.de\/adventszauber\/wp-json\/wp\/v2\/posts\/87","targetHints":{"allow":["GET"]}}],"collection":[{"href":"https:\/\/www.buerger-fuer-kaltenweide.de\/adventszauber\/wp-json\/wp\/v2\/posts"}],"about":[{"href":"https:\/\/www.buerger-fuer-kaltenweide.de\/adventszauber\/wp-json\/wp\/v2\/types\/post"}],"author":[{"embeddable":true,"href":"https:\/\/www.buerger-fuer-kaltenweide.de\/adventszauber\/wp-json\/wp\/v2\/users\/1"}],"replies":[{"embeddable":true,"href":"https:\/\/www.buerger-fuer-kaltenweide.de\/adventszauber\/wp-json\/wp\/v2\/comments?post=87"}],"version-history":[{"count":1,"href":"https:\/\/www.buerger-fuer-kaltenweide.de\/adventszauber\/wp-json\/wp\/v2\/posts\/87\/revisions"}],"predecessor-version":[{"id":89,"href":"https:\/\/www.buerger-fuer-kaltenweide.de\/adventszauber\/wp-json\/wp\/v2\/posts\/87\/revisions\/89"}],"wp:featuredmedia":[{"embeddable":true,"href":"https:\/\/www.buerger-fuer-kaltenweide.de\/adventszauber\/wp-json\/wp\/v2\/media\/88"}],"wp:attachment":[{"href":"https:\/\/www.buerger-fuer-kaltenweide.de\/adventszauber\/wp-json\/wp\/v2\/media?parent=87"}],"wp:term":[{"taxonomy":"category","embeddable":true,"href":"https:\/\/www.buerger-fuer-kaltenweide.de\/adventszauber\/wp-json\/wp\/v2\/categories?post=87"},{"taxonomy":"post_tag","embeddable":true,"href":"https:\/\/www.buerger-fuer-kaltenweide.de\/adventszauber\/wp-json\/wp\/v2\/tags?post=87"}],"curies":[{"name":"wp","href":"https:\/\/api.w.org\/{rel}","templated":true}]}}