{"id":93,"date":"2025-11-15T14:53:33","date_gmt":"2025-11-15T13:53:33","guid":{"rendered":"https:\/\/www.buerger-fuer-kaltenweide.de\/adventszauber\/2025\/11\/15\/adventszauber-kaltenweide-die-grundschule-schmueckt-unseren-grossen-tannenbaum\/"},"modified":"2025-11-15T14:53:33","modified_gmt":"2025-11-15T13:53:33","slug":"adventszauber-kaltenweide-die-grundschule-schmueckt-unseren-grossen-tannenbaum","status":"publish","type":"post","link":"https:\/\/www.buerger-fuer-kaltenweide.de\/adventszauber\/2025\/11\/15\/adventszauber-kaltenweide-die-grundschule-schmueckt-unseren-grossen-tannenbaum\/","title":{"rendered":"Adventszauber Kaltenweide \u2013 Die Grundschule schm\u00fcckt unseren gro\u00dfen Tannenbaum"},"content":{"rendered":"\n<p>F\u00fcr den Adventszauber Kaltenweide erreichen uns ganz wunderbare Bilder aus der Grundschule Kaltenweide \u2013 und wir freuen uns sehr dar\u00fcber! Denn auch in diesem Jahr gestalten die Sch\u00fclerinnen und Sch\u00fcler gemeinsam mit Lehrkr\u00e4ften sowie Elternvertreterinnen und -vertretern wieder den Baumschmuck f\u00fcr unseren gro\u00dfen Tannenbaum auf dem Kaltenweider Platz.<\/p>\n\n\n\n<!--more-->\n\n\n<div class=\"wp-block-image\">\n<figure class=\"alignright size-full is-resized\"><img decoding=\"async\" src=\"https:\/\/www.buerger-fuer-kaltenweide.de\/wp-content\/uploads\/2025\/11\/IMG_3493-scaled.jpeg\" alt=\"\" class=\"wp-image-12894\" style=\"width:350px\"\/><\/figure>\n<\/div>\n\n\n<p>Der Verein&nbsp;<strong>B\u00fcrger f\u00fcr Kaltenweide e.V.<\/strong>&nbsp;hat daf\u00fcr insgesamt&nbsp;<strong>300 transparente Acrylkugeln<\/strong>&nbsp;angeschafft. Der \u00fcberwiegende Teil dieser Kugeln wurde anschlie\u00dfend von Elternvertreterinnen und -vertretern mehrerer Klassen der Grundschule Kaltenweide \u00fcbernommen. In liebevoller Zusammenarbeit entstehen daraus nun kreative, bunte und pers\u00f6nliche Kunstwerke.<\/p>\n\n\n\n<p>Die Sch\u00fclerinnen und Sch\u00fcler gestalten die Kugeln mit viel Fantasie \u2013 bemalt, beklebt oder mit kleinen Botschaften gef\u00fcllt. Jede Kugel ist ein Unikat und zeigt, wie viel Freude und Engagement in diesem Projekt stecken.<\/p>\n\n\n\n<p><strong>M\u00f6glich wurde diese Aktion dank eines gro\u00dfz\u00fcgigen Preisnachlasses<\/strong>, denn die Acrylkugeln konnten von\u00a0<em><a href=\"https:\/\/www.architekturbedarf.de\" target=\"_blank\" rel=\"noreferrer noopener\">architekturbedarf.de<\/a><\/em>\u00a0zu einem verg\u00fcnstigten Preis bezogen werden. Daf\u00fcr m\u00f6chten wir uns herzlich bedanken. Der Erl\u00f6s aus der Kugel-Aktion flie\u00dft vollst\u00e4ndig in die Organisation des diesj\u00e4hrigen Adventszaubers und unterst\u00fctzt damit unmittelbar unser gemeinschaftliches Fest.<\/p>\n\n\n\n<p><strong>Am 27. November<\/strong>, also\u00a0<strong>einen Tag vor dem Adventszauber<\/strong>, werden die gestalteten Kugeln an den gro\u00dfen Tannenbaum geh\u00e4ngt. Damit  tragen die Sch\u00fclerinnen und Sch\u00fcler zur festlichen Atmosph\u00e4re des gesamten Adventszaubers bei.<\/p>\n\n\n\n<p>Wir bedanken uns ganz herzlich bei allen Beteiligten \u2013 den Kindern, den Lehrkr\u00e4ften sowie den engagierten Elternvertretungen und <em><a href=\"https:\/\/www.architekturbedarf.de\" target=\"_blank\" rel=\"noreferrer noopener\">architekturbedarf.de<\/a><\/em>. Gemeinsam gestalten sie den Baum und den Adventszauber und machen ihn zu einem besonderen Erlebnis f\u00fcr ganz Kaltenweide.<\/p>\n\n\n\n<figure class=\"wp-block-gallery has-nested-images columns-default is-cropped wp-block-gallery-1 is-layout-flex wp-block-gallery-is-layout-flex\">\n<figure class=\"wp-block-image size-large\"><img decoding=\"async\" data-id=\"12911\" src=\"https:\/\/www.buerger-fuer-kaltenweide.de\/wp-content\/uploads\/2025\/11\/IMG_3455-scaled.jpeg\" alt=\"\" class=\"wp-image-12911\"\/><\/figure>\n\n\n\n<figure class=\"wp-block-image size-large\"><img decoding=\"async\" data-id=\"12910\" src=\"https:\/\/www.buerger-fuer-kaltenweide.de\/wp-content\/uploads\/2025\/11\/IMG_3460-scaled.jpeg\" alt=\"\" class=\"wp-image-12910\"\/><\/figure>\n\n\n\n<figure class=\"wp-block-image size-large\"><img decoding=\"async\" data-id=\"12909\" src=\"https:\/\/www.buerger-fuer-kaltenweide.de\/wp-content\/uploads\/2025\/11\/IMG_3461-scaled.jpeg\" alt=\"\" class=\"wp-image-12909\"\/><\/figure>\n\n\n\n<figure class=\"wp-block-image size-large\"><img decoding=\"async\" data-id=\"12912\" src=\"https:\/\/www.buerger-fuer-kaltenweide.de\/wp-content\/uploads\/2025\/11\/IMG_3452-scaled.jpeg\" alt=\"\" class=\"wp-image-12912\"\/><\/figure>\n\n\n\n<figure class=\"wp-block-image size-large\"><img decoding=\"async\" data-id=\"12908\" src=\"https:\/\/www.buerger-fuer-kaltenweide.de\/wp-content\/uploads\/2025\/11\/IMG_3464-scaled.jpeg\" alt=\"\" class=\"wp-image-12908\"\/><\/figure>\n\n\n\n<figure class=\"wp-block-image size-large\"><img decoding=\"async\" data-id=\"12907\" src=\"https:\/\/www.buerger-fuer-kaltenweide.de\/wp-content\/uploads\/2025\/11\/IMG_3465-scaled.jpeg\" alt=\"\" class=\"wp-image-12907\"\/><\/figure>\n\n\n\n<figure class=\"wp-block-image size-large\"><img decoding=\"async\" data-id=\"12901\" src=\"https:\/\/www.buerger-fuer-kaltenweide.de\/wp-content\/uploads\/2025\/11\/IMG_3471-scaled.jpeg\" alt=\"\" class=\"wp-image-12901\"\/><\/figure>\n\n\n\n<figure class=\"wp-block-image size-large\"><img loading=\"lazy\" decoding=\"async\" width=\"2560\" height=\"1920\" data-id=\"94\" src=\"https:\/\/www.buerger-fuer-kaltenweide.de\/wp-content\/uploads\/2025\/11\/IMG_3470-scaled.jpeg\" alt=\"\" class=\"wp-image-94\" srcset=\"https:\/\/www.buerger-fuer-kaltenweide.de\/adventszauber\/wp-content\/uploads\/sites\/14\/2025\/11\/IMG_3470-scaled.jpeg 2560w, https:\/\/www.buerger-fuer-kaltenweide.de\/adventszauber\/wp-content\/uploads\/sites\/14\/2025\/11\/IMG_3470-scaled-300x225.jpeg 300w, https:\/\/www.buerger-fuer-kaltenweide.de\/adventszauber\/wp-content\/uploads\/sites\/14\/2025\/11\/IMG_3470-scaled-1024x768.jpeg 1024w, https:\/\/www.buerger-fuer-kaltenweide.de\/adventszauber\/wp-content\/uploads\/sites\/14\/2025\/11\/IMG_3470-scaled-768x576.jpeg 768w, https:\/\/www.buerger-fuer-kaltenweide.de\/adventszauber\/wp-content\/uploads\/sites\/14\/2025\/11\/IMG_3470-scaled-1536x1152.jpeg 1536w, https:\/\/www.buerger-fuer-kaltenweide.de\/adventszauber\/wp-content\/uploads\/sites\/14\/2025\/11\/IMG_3470-scaled-2048x1536.jpeg 2048w, https:\/\/www.buerger-fuer-kaltenweide.de\/adventszauber\/wp-content\/uploads\/sites\/14\/2025\/11\/IMG_3470-scaled-320x240.jpeg 320w, https:\/\/www.buerger-fuer-kaltenweide.de\/adventszauber\/wp-content\/uploads\/sites\/14\/2025\/11\/IMG_3470-scaled-600x450.jpeg 600w, https:\/\/www.buerger-fuer-kaltenweide.de\/adventszauber\/wp-content\/uploads\/sites\/14\/2025\/11\/IMG_3470-scaled-1320x990.jpeg 1320w\" sizes=\"auto, (max-width: 2560px) 100vw, 2560px\" \/><\/figure>\n\n\n\n<figure class=\"wp-block-image size-large\"><img decoding=\"async\" data-id=\"12903\" src=\"https:\/\/www.buerger-fuer-kaltenweide.de\/wp-content\/uploads\/2025\/11\/IMG_3468-scaled.jpeg\" alt=\"\" class=\"wp-image-12903\"\/><\/figure>\n\n\n\n<figure class=\"wp-block-image size-large\"><img decoding=\"async\" data-id=\"12904\" src=\"https:\/\/www.buerger-fuer-kaltenweide.de\/wp-content\/uploads\/2025\/11\/IMG_3469-scaled.jpeg\" alt=\"\" class=\"wp-image-12904\"\/><\/figure>\n\n\n\n<figure class=\"wp-block-image size-large\"><img decoding=\"async\" data-id=\"12905\" src=\"https:\/\/www.buerger-fuer-kaltenweide.de\/wp-content\/uploads\/2025\/11\/IMG_3466-scaled.jpeg\" alt=\"\" class=\"wp-image-12905\"\/><\/figure>\n\n\n\n<figure class=\"wp-block-image size-large\"><img decoding=\"async\" data-id=\"12906\" src=\"https:\/\/www.buerger-fuer-kaltenweide.de\/wp-content\/uploads\/2025\/11\/IMG_3467-scaled.jpeg\" alt=\"\" class=\"wp-image-12906\"\/><\/figure>\n\n\n\n<figure class=\"wp-block-image size-large\"><img decoding=\"async\" data-id=\"12900\" src=\"https:\/\/www.buerger-fuer-kaltenweide.de\/wp-content\/uploads\/2025\/11\/IMG_3479-scaled.jpeg\" alt=\"\" class=\"wp-image-12900\"\/><\/figure>\n\n\n\n<figure class=\"wp-block-image size-large\"><img decoding=\"async\" data-id=\"12899\" src=\"https:\/\/www.buerger-fuer-kaltenweide.de\/wp-content\/uploads\/2025\/11\/IMG_3483-scaled.jpeg\" alt=\"\" class=\"wp-image-12899\"\/><\/figure>\n\n\n\n<figure class=\"wp-block-image size-large\"><img decoding=\"async\" data-id=\"12898\" src=\"https:\/\/www.buerger-fuer-kaltenweide.de\/wp-content\/uploads\/2025\/11\/IMG_3484-scaled.jpeg\" alt=\"\" class=\"wp-image-12898\"\/><\/figure>\n\n\n\n<figure class=\"wp-block-image size-large\"><img decoding=\"async\" data-id=\"12897\" src=\"https:\/\/www.buerger-fuer-kaltenweide.de\/wp-content\/uploads\/2025\/11\/IMG_3487-scaled.jpeg\" alt=\"\" class=\"wp-image-12897\"\/><\/figure>\n\n\n\n<figure class=\"wp-block-image size-large\"><img decoding=\"async\" data-id=\"12896\" src=\"https:\/\/www.buerger-fuer-kaltenweide.de\/wp-content\/uploads\/2025\/11\/IMG_3488-scaled.jpeg\" alt=\"\" class=\"wp-image-12896\"\/><\/figure>\n\n\n\n<figure class=\"wp-block-image size-large\"><img decoding=\"async\" data-id=\"12895\" src=\"https:\/\/www.buerger-fuer-kaltenweide.de\/wp-content\/uploads\/2025\/11\/IMG_3492-scaled.jpeg\" alt=\"\" class=\"wp-image-12895\"\/><\/figure>\n\n\n\n<figure class=\"wp-block-image size-large\"><img decoding=\"async\" data-id=\"12894\" src=\"https:\/\/www.buerger-fuer-kaltenweide.de\/wp-content\/uploads\/2025\/11\/IMG_3493-scaled.jpeg\" alt=\"\" class=\"wp-image-12894\"\/><\/figure>\n\n\n\n<figure class=\"wp-block-image size-large\"><img decoding=\"async\" data-id=\"12893\" src=\"https:\/\/www.buerger-fuer-kaltenweide.de\/wp-content\/uploads\/2025\/11\/IMG_3495-scaled.jpeg\" alt=\"\" class=\"wp-image-12893\"\/><\/figure>\n\n\n\n<figure class=\"wp-block-image size-large\"><img decoding=\"async\" data-id=\"12892\" src=\"https:\/\/www.buerger-fuer-kaltenweide.de\/wp-content\/uploads\/2025\/11\/IMG_3500-scaled.jpeg\" alt=\"\" class=\"wp-image-12892\"\/><\/figure>\n\n\n\n<figure class=\"wp-block-image size-large\"><img decoding=\"async\" data-id=\"12891\" src=\"https:\/\/www.buerger-fuer-kaltenweide.de\/wp-content\/uploads\/2025\/11\/IMG_3499-scaled.jpeg\" alt=\"\" class=\"wp-image-12891\"\/><\/figure>\n\n\n\n<figure class=\"wp-block-image size-large\"><img decoding=\"async\" data-id=\"12890\" src=\"https:\/\/www.buerger-fuer-kaltenweide.de\/wp-content\/uploads\/2025\/11\/IMG_3503-scaled.jpeg\" alt=\"\" class=\"wp-image-12890\"\/><\/figure>\n\n\n\n<figure class=\"wp-block-image size-large\"><img decoding=\"async\" data-id=\"12889\" src=\"https:\/\/www.buerger-fuer-kaltenweide.de\/wp-content\/uploads\/2025\/11\/IMG_3506-scaled.jpeg\" alt=\"\" class=\"wp-image-12889\"\/><\/figure>\n\n\n\n<figure class=\"wp-block-image size-large\"><img decoding=\"async\" data-id=\"12888\" src=\"https:\/\/www.buerger-fuer-kaltenweide.de\/wp-content\/uploads\/2025\/11\/IMG_3507-scaled.jpeg\" alt=\"\" class=\"wp-image-12888\"\/><\/figure>\n<\/figure>\n","protected":false},"excerpt":{"rendered":"<p>F\u00fcr den Adventszauber Kaltenweide erreichen uns ganz wunderbare Bilder aus der Grundschule Kaltenweide \u2013 und wir freuen uns sehr dar\u00fcber! Denn auch in diesem Jahr gestalten die Sch\u00fclerinnen und Sch\u00fcler gemeinsam mit Lehrkr\u00e4ften sowie Elternvertreterinnen und -vertretern wieder den Baumschmuck<\/p>\n","protected":false},"author":1,"featured_media":94,"comment_status":"closed","ping_status":"open","sticky":false,"template":"","format":"standard","meta":{"footnotes":""},"categories":[39,17,19,18,20],"tags":[21,42,32],"class_list":["post-93","post","type-post","status-publish","format-standard","has-post-thumbnail","hentry","category-2025-adventszauber","category-adventszauber","category-aktuelles","category-aktuelles-aus-dem-bfk","category-veranstaltungen","tag-adventszauber","tag-baumschmuck","tag-grundschule"],"_links":{"self":[{"href":"https:\/\/www.buerger-fuer-kaltenweide.de\/adventszauber\/wp-json\/wp\/v2\/posts\/93","targetHints":{"allow":["GET"]}}],"collection":[{"href":"https:\/\/www.buerger-fuer-kaltenweide.de\/adventszauber\/wp-json\/wp\/v2\/posts"}],"about":[{"href":"https:\/\/www.buerger-fuer-kaltenweide.de\/adventszauber\/wp-json\/wp\/v2\/types\/post"}],"author":[{"embeddable":true,"href":"https:\/\/www.buerger-fuer-kaltenweide.de\/adventszauber\/wp-json\/wp\/v2\/users\/1"}],"replies":[{"embeddable":true,"href":"https:\/\/www.buerger-fuer-kaltenweide.de\/adventszauber\/wp-json\/wp\/v2\/comments?post=93"}],"version-history":[{"count":1,"href":"https:\/\/www.buerger-fuer-kaltenweide.de\/adventszauber\/wp-json\/wp\/v2\/posts\/93\/revisions"}],"predecessor-version":[{"id":95,"href":"https:\/\/www.buerger-fuer-kaltenweide.de\/adventszauber\/wp-json\/wp\/v2\/posts\/93\/revisions\/95"}],"wp:featuredmedia":[{"embeddable":true,"href":"https:\/\/www.buerger-fuer-kaltenweide.de\/adventszauber\/wp-json\/wp\/v2\/media\/94"}],"wp:attachment":[{"href":"https:\/\/www.buerger-fuer-kaltenweide.de\/adventszauber\/wp-json\/wp\/v2\/media?parent=93"}],"wp:term":[{"taxonomy":"category","embeddable":true,"href":"https:\/\/www.buerger-fuer-kaltenweide.de\/adventszauber\/wp-json\/wp\/v2\/categories?post=93"},{"taxonomy":"post_tag","embeddable":true,"href":"https:\/\/www.buerger-fuer-kaltenweide.de\/adventszauber\/wp-json\/wp\/v2\/tags?post=93"}],"curies":[{"name":"wp","href":"https:\/\/api.w.org\/{rel}","templated":true}]}}