{"id":96,"date":"2025-11-24T07:46:00","date_gmt":"2025-11-24T06:46:00","guid":{"rendered":"https:\/\/www.buerger-fuer-kaltenweide.de\/adventszauber\/?p=96"},"modified":"2025-11-24T14:46:43","modified_gmt":"2025-11-24T13:46:43","slug":"adventszauber-kaltenweide-das-musikalische-programm-fuer-den-abendszauber-steht-fest","status":"publish","type":"post","link":"https:\/\/www.buerger-fuer-kaltenweide.de\/adventszauber\/2025\/11\/24\/adventszauber-kaltenweide-das-musikalische-programm-fuer-den-abendszauber-steht-fest\/","title":{"rendered":"Adventszauber Kaltenweide \u2013 Das musikalische Programm f\u00fcr den Abendszauber steht fest!"},"content":{"rendered":"\n<p>Der Adventszauber r\u00fcckt n\u00e4her \u2013 und wir freuen uns sehr, heute das musikalische Programm f\u00fcr den\u00a0<strong>Abendszauber am 28. November 2025<\/strong>\u00a0bekanntzugeben! Auch in diesem Jahr pr\u00e4sentieren lokale Gruppen und Ensembles ein abwechslungsreiches Programm f\u00fcr Gro\u00df und Klein.<\/p>\n\n\n\n<!--more-->\n\n\n\n<p><strong>Das Programm im \u00dcberblick:<\/strong><\/p>\n\n\n<div class=\"wp-block-image\">\n<figure class=\"alignright size-full is-resized\"><img decoding=\"async\" src=\"https:\/\/www.buerger-fuer-kaltenweide.de\/adventszauber\/wp-content\/uploads\/sites\/14\/2025\/11\/2025_adventszauber-programm.jpg\" alt=\"(c) 2025 - B\u00fcrger f\u00fcr Kaltenweide e.V. (BfK)\" class=\"wp-image-99\" style=\"width:350px\"\/><figcaption class=\"wp-element-caption\">Musikalisches Programm vom 28.11.2025<\/figcaption><\/figure>\n<\/div>\n\n\n<ul class=\"wp-block-list\">\n<li><strong>15:45 Uhr \u2013 Sch\u00fclerinnen und Sch\u00fcler der Grundschule Kaltenweide<\/strong><br>Mit fr\u00f6hlichen Liedern stimmen die Kinder auf den Advent ein und er\u00f6ffnen das musikalische Programm.<\/li>\n\n\n\n<li><\/li>\n\n\n\n<li><strong>16:00 Uhr \u2013 Kinder- &amp; Erwachsenenchor des BfK<\/strong><br>Der Chor aus Kaltenweide sorgt mit stimmungsvollen Beitr\u00e4gen f\u00fcr echte Adventsatmosph\u00e4re.<\/li>\n\n\n\n<li><\/li>\n\n\n\n<li><strong>16:30 Uhr \u2013 Posaunenchor der evangelisch-lutherischen Matthias-Claudius-Kirchengemeinde Kaltenweide-Kr\u00e4henwinkel<\/strong><br>Traditionelle Bl\u00e4serkl\u00e4nge erf\u00fcllen den Platz und bringen den Zauber der Adventszeit zum Leuchten.<\/li>\n\n\n\n<li><\/li>\n\n\n\n<li><strong>17:00 Uhr \u2013 Young Spirit Orchestra (YSO)<\/strong><br>Den Abschluss macht das YSO mit energiegeladenen Arrangements und einem mitrei\u00dfenden Sound.<\/li>\n<\/ul>\n\n\n\n<p>Wir freuen uns sehr \u00fcber die vielf\u00e4ltige musikalische Beteiligung und bedanken uns herzlich bei allen Mitwirkenden, die den Adventszauber auch in diesem Jahr wieder bereichern.<\/p>\n\n\n\n<p><strong>Wir sehen uns am 28. November \u2013 zum Abendszauber 2025!<\/strong><\/p>\n\n\n\n<p><\/p>\n","protected":false},"excerpt":{"rendered":"<p>Der Adventszauber r\u00fcckt n\u00e4her \u2013 und wir freuen uns sehr, heute das musikalische Programm f\u00fcr den\u00a0Abendszauber am 28. November 2025\u00a0bekanntzugeben! Auch in diesem Jahr pr\u00e4sentieren lokale Gruppen und Ensembles ein abwechslungsreiches Programm f\u00fcr Gro\u00df und Klein.<\/p>\n","protected":false},"author":1,"featured_media":99,"comment_status":"closed","ping_status":"open","sticky":false,"template":"","format":"standard","meta":{"footnotes":""},"categories":[39,17,18,20],"tags":[43,44,45,46,47,48],"class_list":["post-96","post","type-post","status-publish","format-standard","has-post-thumbnail","hentry","category-2025-adventszauber","category-adventszauber","category-aktuelles-aus-dem-bfk","category-veranstaltungen","tag-abendszauber2025","tag-familieneven","tag-kinderchor","tag-musikinkaltenweide","tag-posaunenchor","tag-youngspiritorchestra"],"_links":{"self":[{"href":"https:\/\/www.buerger-fuer-kaltenweide.de\/adventszauber\/wp-json\/wp\/v2\/posts\/96","targetHints":{"allow":["GET"]}}],"collection":[{"href":"https:\/\/www.buerger-fuer-kaltenweide.de\/adventszauber\/wp-json\/wp\/v2\/posts"}],"about":[{"href":"https:\/\/www.buerger-fuer-kaltenweide.de\/adventszauber\/wp-json\/wp\/v2\/types\/post"}],"author":[{"embeddable":true,"href":"https:\/\/www.buerger-fuer-kaltenweide.de\/adventszauber\/wp-json\/wp\/v2\/users\/1"}],"replies":[{"embeddable":true,"href":"https:\/\/www.buerger-fuer-kaltenweide.de\/adventszauber\/wp-json\/wp\/v2\/comments?post=96"}],"version-history":[{"count":2,"href":"https:\/\/www.buerger-fuer-kaltenweide.de\/adventszauber\/wp-json\/wp\/v2\/posts\/96\/revisions"}],"predecessor-version":[{"id":100,"href":"https:\/\/www.buerger-fuer-kaltenweide.de\/adventszauber\/wp-json\/wp\/v2\/posts\/96\/revisions\/100"}],"wp:featuredmedia":[{"embeddable":true,"href":"https:\/\/www.buerger-fuer-kaltenweide.de\/adventszauber\/wp-json\/wp\/v2\/media\/99"}],"wp:attachment":[{"href":"https:\/\/www.buerger-fuer-kaltenweide.de\/adventszauber\/wp-json\/wp\/v2\/media?parent=96"}],"wp:term":[{"taxonomy":"category","embeddable":true,"href":"https:\/\/www.buerger-fuer-kaltenweide.de\/adventszauber\/wp-json\/wp\/v2\/categories?post=96"},{"taxonomy":"post_tag","embeddable":true,"href":"https:\/\/www.buerger-fuer-kaltenweide.de\/adventszauber\/wp-json\/wp\/v2\/tags?post=96"}],"curies":[{"name":"wp","href":"https:\/\/api.w.org\/{rel}","templated":true}]}}