{"id":63,"date":"2025-04-14T09:00:00","date_gmt":"2025-04-14T07:00:00","guid":{"rendered":"https:\/\/www.buerger-fuer-kaltenweide.de\/choere\/?p=63"},"modified":"2025-04-13T11:03:53","modified_gmt":"2025-04-13T09:03:53","slug":"kinder-erwachsenenchor-unter-neuer-musikalischer-leitung","status":"publish","type":"post","link":"https:\/\/www.buerger-fuer-kaltenweide.de\/choere\/2025\/04\/14\/kinder-erwachsenenchor-unter-neuer-musikalischer-leitung\/","title":{"rendered":"Kinder- &amp; Erwachsenenchor unter neuer musikalischer Leitung"},"content":{"rendered":"\n<p><strong>Herzlich willkommen, Sophia!<\/strong> Wir freuen uns sehr, unsere neue Chorleiterin Sophia vorstellen zu d\u00fcrfen. Mit viel Herzblut, musikalischem K\u00f6nnen und einer gro\u00dfen Portion Leidenschaft \u00fcbernimmt sie ab sofort die Leitung unseres Kinder- und Erwachsenenchores.<\/p>\n\n\n\n<!--more-->\n\n\n<div class=\"wp-block-image\">\n<figure class=\"alignright size-full is-resized\"><img decoding=\"async\" src=\"https:\/\/www.buerger-fuer-kaltenweide.de\/wp-content\/uploads\/2025\/04\/image.jpeg\" alt=\"(c) B\u00fcrger f\u00fcr Kaltenweide e.V. \/ Sopha Nee\" class=\"wp-image-10403\" style=\"width:350px\"\/><\/figure>\n<\/div>\n\n\n<p>Sophia stammt urspr\u00fcnglich aus dem sch\u00f6nen Papenburg (Ems) und studiert Musik und Philosophie auf Lehramt am Gymnasium \u2013 an der Hochschule f\u00fcr Musik, Theater und Medien sowie an der Leibniz Universit\u00e4t in Hannover. Ihr Hauptinstrument ist die Orgel, doch auch in Gesang, Komposition und Chorleitung bringt sie fundierte Kenntnisse mit.<\/p>\n\n\n\n<p>Bereits seit ihrer Kindheit ist Musik fester Bestandteil ihres Lebens. Ob im Kindergarten, in Ch\u00f6ren w\u00e4hrend ihrer Schulzeit oder nun im Studium \u2013 Musik ist f\u00fcr Sophia mehr als ein Hobby, sie ist ihre Berufung.<\/p>\n\n\n\n<p>In ihrer Arbeit mit dem Chor legt sie besonderen Wert auf Gemeinschaft und Freude am Singen. Ganz gleich ob Klassik, Pop, Rock oder Jazz \u2013 bei uns wird es musikalisch bunt! Neben der Stimmbildung und einer gesunden Gesangstechnik kommt der Spa\u00df nat\u00fcrlich nicht zu kurz.<\/p>\n\n\n\n<p><strong>Ob jung oder alt, erfahren oder neugierig \u2013 alle sind willkommen!<\/strong><br>Wenn du gerne singst \u2013 sei es unter der Dusche oder im Ensemble \u2013 schau gerne zu einer Schnupperprobe vorbei. Wir freuen uns auf dich!<\/p>\n","protected":false},"excerpt":{"rendered":"<p>Herzlich willkommen, Sophia! Wir freuen uns sehr, unsere neue Chorleiterin Sophia vorstellen zu d\u00fcrfen. Mit viel Herzblut, musikalischem K\u00f6nnen und einer gro\u00dfen Portion Leidenschaft \u00fcbernimmt sie ab sofort die Leitung unseres Kinder- und Erwachsenenchores.<\/p>\n","protected":false},"author":1,"featured_media":0,"comment_status":"closed","ping_status":"open","sticky":false,"template":"","format":"standard","meta":{"footnotes":""},"categories":[18,19],"tags":[25,21,22,26],"class_list":["post-63","post","type-post","status-publish","format-standard","hentry","category-aktuelles-aus-dem-bfk","category-kinder-und-erwachsenenchor","tag-dorfmusik","tag-erwachsenenchor","tag-kinderchor","tag-musikunterricht"],"_links":{"self":[{"href":"https:\/\/www.buerger-fuer-kaltenweide.de\/choere\/wp-json\/wp\/v2\/posts\/63","targetHints":{"allow":["GET"]}}],"collection":[{"href":"https:\/\/www.buerger-fuer-kaltenweide.de\/choere\/wp-json\/wp\/v2\/posts"}],"about":[{"href":"https:\/\/www.buerger-fuer-kaltenweide.de\/choere\/wp-json\/wp\/v2\/types\/post"}],"author":[{"embeddable":true,"href":"https:\/\/www.buerger-fuer-kaltenweide.de\/choere\/wp-json\/wp\/v2\/users\/1"}],"replies":[{"embeddable":true,"href":"https:\/\/www.buerger-fuer-kaltenweide.de\/choere\/wp-json\/wp\/v2\/comments?post=63"}],"version-history":[{"count":1,"href":"https:\/\/www.buerger-fuer-kaltenweide.de\/choere\/wp-json\/wp\/v2\/posts\/63\/revisions"}],"predecessor-version":[{"id":64,"href":"https:\/\/www.buerger-fuer-kaltenweide.de\/choere\/wp-json\/wp\/v2\/posts\/63\/revisions\/64"}],"wp:attachment":[{"href":"https:\/\/www.buerger-fuer-kaltenweide.de\/choere\/wp-json\/wp\/v2\/media?parent=63"}],"wp:term":[{"taxonomy":"category","embeddable":true,"href":"https:\/\/www.buerger-fuer-kaltenweide.de\/choere\/wp-json\/wp\/v2\/categories?post=63"},{"taxonomy":"post_tag","embeddable":true,"href":"https:\/\/www.buerger-fuer-kaltenweide.de\/choere\/wp-json\/wp\/v2\/tags?post=63"}],"curies":[{"name":"wp","href":"https:\/\/api.w.org\/{rel}","templated":true}]}}