{"id":1518,"date":"2026-03-10T13:49:47","date_gmt":"2026-03-10T12:49:47","guid":{"rendered":"https:\/\/www.buerger-fuer-kaltenweide.de\/flohmarkt\/grosser-andrang-auf-standplaetze-beim-flohmarkt-in-kaltenweide\/"},"modified":"2026-03-10T13:49:50","modified_gmt":"2026-03-10T12:49:50","slug":"grosser-andrang-auf-standplaetze-beim-flohmarkt-in-kaltenweide","status":"publish","type":"post","link":"https:\/\/www.buerger-fuer-kaltenweide.de\/flohmarkt\/grosser-andrang-auf-standplaetze-beim-flohmarkt-in-kaltenweide\/","title":{"rendered":"Gro\u00dfer Andrang auf Standpl\u00e4tze beim Flohmarkt in Kaltenweide"},"content":{"rendered":"\n<p>Der Run auf die begehrten Standpl\u00e4tze f\u00fcr den Flohmarkt Kaltenweide am\u00a0<strong>Sonntag, 26. April 2026<\/strong> war auch dieses mal wieder besonders gro\u00df:\u00a0<strong>Bereits bis zum Mittag waren alle Standpl\u00e4tze vollst\u00e4ndig ausgebucht.<\/strong><\/p>\n\n\n\n<!--more-->\n\n\n<div class=\"wp-block-image\">\n<figure class=\"alignright size-full is-resized\"><img decoding=\"async\" src=\"https:\/\/www.buerger-fuer-kaltenweide.de\/wp-content\/uploads\/2025\/04\/d693e4d2-4933-4210-ae36-622fa6638d11-scaled.jpeg\" alt=\"(c) 2025 - Bianca Helms \/ B\u00fcrger f\u00fcr Kaltenweide e.V.\" class=\"wp-image-10615\" style=\"width:350px\"\/><figcaption class=\"wp-element-caption\">Flohmarktst\u00e4nde in der Elisabeth-Granier-Passage<\/figcaption><\/figure>\n<\/div>\n\n\n<p>Aktuell f\u00fchrt der Verein&nbsp;<strong>keine Warteliste<\/strong>. Sollte es jedoch zu Stornierungen kommen, werden frei gewordene Standpl\u00e4tze wieder \u00fcber die Webseite zur Buchung freigeschaltet.<\/p>\n\n\n\n<p>Interessierte k\u00f6nnen daher regelm\u00e4\u00dfig auf der Internetseite nachsehen:<br>\ud83c\udf10&nbsp;<strong><a href=\"http:\/\/www.flohmarkt-kaltenweide.de\/\">www.flohmarkt-kaltenweide.de<\/a><\/strong><\/p>\n","protected":false},"excerpt":{"rendered":"<p>Der Run auf die begehrten Standpl\u00e4tze f\u00fcr den Flohmarkt Kaltenweide am\u00a0Sonntag, 26. April 2026 war auch dieses mal wieder besonders gro\u00df:\u00a0Bereits bis zum Mittag waren alle Standpl\u00e4tze vollst\u00e4ndig ausgebucht.<\/p>\n","protected":false},"author":1,"featured_media":1519,"comment_status":"closed","ping_status":"open","sticky":false,"template":"","format":"standard","meta":{"footnotes":""},"categories":[28,26,27],"tags":[],"class_list":["post-1518","post","type-post","status-publish","format-standard","has-post-thumbnail","hentry","category-aktuelles","category-aktuelles-aus-dem-bfk","category-flohmarkt"],"_links":{"self":[{"href":"https:\/\/www.buerger-fuer-kaltenweide.de\/flohmarkt\/wp-json\/wp\/v2\/posts\/1518","targetHints":{"allow":["GET"]}}],"collection":[{"href":"https:\/\/www.buerger-fuer-kaltenweide.de\/flohmarkt\/wp-json\/wp\/v2\/posts"}],"about":[{"href":"https:\/\/www.buerger-fuer-kaltenweide.de\/flohmarkt\/wp-json\/wp\/v2\/types\/post"}],"author":[{"embeddable":true,"href":"https:\/\/www.buerger-fuer-kaltenweide.de\/flohmarkt\/wp-json\/wp\/v2\/users\/1"}],"replies":[{"embeddable":true,"href":"https:\/\/www.buerger-fuer-kaltenweide.de\/flohmarkt\/wp-json\/wp\/v2\/comments?post=1518"}],"version-history":[{"count":0,"href":"https:\/\/www.buerger-fuer-kaltenweide.de\/flohmarkt\/wp-json\/wp\/v2\/posts\/1518\/revisions"}],"wp:featuredmedia":[{"embeddable":true,"href":"https:\/\/www.buerger-fuer-kaltenweide.de\/flohmarkt\/wp-json\/wp\/v2\/media\/1519"}],"wp:attachment":[{"href":"https:\/\/www.buerger-fuer-kaltenweide.de\/flohmarkt\/wp-json\/wp\/v2\/media?parent=1518"}],"wp:term":[{"taxonomy":"category","embeddable":true,"href":"https:\/\/www.buerger-fuer-kaltenweide.de\/flohmarkt\/wp-json\/wp\/v2\/categories?post=1518"},{"taxonomy":"post_tag","embeddable":true,"href":"https:\/\/www.buerger-fuer-kaltenweide.de\/flohmarkt\/wp-json\/wp\/v2\/tags?post=1518"}],"curies":[{"name":"wp","href":"https:\/\/api.w.org\/{rel}","templated":true}]}}